{"id":45641,"date":"2014-09-22T17:16:26","date_gmt":"2014-09-22T20:16:26","guid":{"rendered":"http:\/\/www.elsindical.com.ar\/notas\/?p=45641"},"modified":"2014-09-22T17:23:48","modified_gmt":"2014-09-22T20:23:48","slug":"avellanedala-concejal-maia-lata-rompio-con-el-partido-socialista","status":"publish","type":"post","link":"https:\/\/www.elsindical.com.ar\/notas\/avellanedala-concejal-maia-lata-rompio-con-el-partido-socialista\/","title":{"rendered":"Avellaneda:La concejal Maia Lata rompi\u00f3 con el partido socialista"},"content":{"rendered":"<p><a href=\"http:\/\/www.elsindical.com.ar\/notas\/var\/www\/html\/notas\/wp-content\/uploads\/2014\/09\/Maia-FAP.jpg\"><img loading=\"lazy\" decoding=\"async\" class=\"alignnone size-medium wp-image-45643\" src=\"http:\/\/www.elsindical.com.ar\/notas\/var\/www\/html\/notas\/wp-content\/uploads\/2014\/09\/Maia-FAP-300x224.jpg\" alt=\"Maia-FAP\" width=\"300\" height=\"224\" srcset=\"https:\/\/www.elsindical.com.ar\/notas\/var\/www\/html\/notas\/wp-content\/uploads\/2014\/09\/Maia-FAP-300x224.jpg 300w, https:\/\/www.elsindical.com.ar\/notas\/var\/www\/html\/notas\/wp-content\/uploads\/2014\/09\/Maia-FAP-401x300.jpg 401w, https:\/\/www.elsindical.com.ar\/notas\/var\/www\/html\/notas\/wp-content\/uploads\/2014\/09\/Maia-FAP.jpg 502w\" sizes=\"auto, (max-width: 300px) 100vw, 300px\" \/><\/a>Reproducimos comunicado de prensa:<\/p>\n<p>Hemos tomado la decisi\u00f3n de conformar el Bloque \u00abSocialistas para la Victoria\u201d porque encontramos en el Proyecto Nacional compa\u00f1eras y compa\u00f1eros que luchan a diario por cambiar las reglas de juego a favor de los sectores mas postergados de nuestra sociedad.<\/p>\n<p>Porque vemos que desde el Partido Socialista se escucha cada vez m\u00e1s a los sectores del poder concentrado.<\/p>\n<p>Tambi\u00e9n porque el proyecto nacional y popular impulsa un modelo econ\u00f3mico direccionado hacia los sectores m\u00e1s humi<span class=\"text_exposed_show\">ldes. Porque se decidi\u00f3 la ampliaci\u00f3n de derechos, con un esp\u00edritu visiblemente progresista. <\/span><\/p>\n<p><span class=\"text_exposed_show\">El verdadero socialista debe estar de este lado del proyecto nacional. Votando para el pueblo y no para la corpo y o grupos concentrados del poder. Hoy ser socialista es apoyar al proyecto nacional y popular que encabeza nuestra Presidenta, Cristina Fern\u00e1ndez de Kirchner.\u00a0\u00a0 <\/span><\/p>\n<p>Maia Lata: <em><strong>\u201cRicardo Cuccovillo dice pelear por candidaturas cuando en realidad acepta migajas\u201d<\/strong><\/em><\/p>\n<p>Fue lo que se\u00f1al\u00f3 la concejal quien disolvi\u00f3 su bloque del Partido Socialista para dar lugar a la banca Socialistas para la Victoria. Antes, hizo una dura cr\u00edtica a su anterior espacio y al UNEN. \u201cDesde el socialismo ped\u00edan que solo me mantenga como opositora y que a todo vote en contra. \u00bfC\u00f3mo no voy a acompa\u00f1ar proyectos que favorezcan a la gente? No promueven el debate\u201d, se\u00f1al\u00f3 y dispar\u00f3 contra la dirigencia. Su alineamiento al oficialismo de Ferraresi.<\/p>\n","protected":false},"excerpt":{"rendered":"<p>Reproducimos comunicado de prensa: Hemos tomado la decisi\u00f3n de conformar el Bloque \u00abSocialistas para la Victoria\u201d porque encontramos en el Proyecto Nacional compa\u00f1eras y compa\u00f1eros que luchan a diario por cambiar las reglas de juego a favor de los sectores mas postergados de nuestra sociedad. Porque vemos que desde el Partido Socialista se escucha cada&hellip;<\/p>\n","protected":false},"author":1,"featured_media":0,"comment_status":"open","ping_status":"open","sticky":false,"template":"","format":"standard","meta":{"footnotes":""},"categories":[13],"tags":[461,4888,19467,13653],"class_list":["post-45641","post","type-post","status-publish","format-standard","hentry","category-politica","tag-avellaneda","tag-concejal","tag-maia-lata","tag-partido-socialista"],"_links":{"self":[{"href":"https:\/\/www.elsindical.com.ar\/notas\/wp-json\/wp\/v2\/posts\/45641","targetHints":{"allow":["GET"]}}],"collection":[{"href":"https:\/\/www.elsindical.com.ar\/notas\/wp-json\/wp\/v2\/posts"}],"about":[{"href":"https:\/\/www.elsindical.com.ar\/notas\/wp-json\/wp\/v2\/types\/post"}],"author":[{"embeddable":true,"href":"https:\/\/www.elsindical.com.ar\/notas\/wp-json\/wp\/v2\/users\/1"}],"replies":[{"embeddable":true,"href":"https:\/\/www.elsindical.com.ar\/notas\/wp-json\/wp\/v2\/comments?post=45641"}],"version-history":[{"count":3,"href":"https:\/\/www.elsindical.com.ar\/notas\/wp-json\/wp\/v2\/posts\/45641\/revisions"}],"predecessor-version":[{"id":45645,"href":"https:\/\/www.elsindical.com.ar\/notas\/wp-json\/wp\/v2\/posts\/45641\/revisions\/45645"}],"wp:attachment":[{"href":"https:\/\/www.elsindical.com.ar\/notas\/wp-json\/wp\/v2\/media?parent=45641"}],"wp:term":[{"taxonomy":"category","embeddable":true,"href":"https:\/\/www.elsindical.com.ar\/notas\/wp-json\/wp\/v2\/categories?post=45641"},{"taxonomy":"post_tag","embeddable":true,"href":"https:\/\/www.elsindical.com.ar\/notas\/wp-json\/wp\/v2\/tags?post=45641"}],"curies":[{"name":"wp","href":"https:\/\/api.w.org\/{rel}","templated":true}]}}