{"id":45619,"date":"2014-09-21T01:42:44","date_gmt":"2014-09-21T04:42:44","guid":{"rendered":"http:\/\/www.elsindical.com.ar\/notas\/?p=45619"},"modified":"2014-09-21T01:42:44","modified_gmt":"2014-09-21T04:42:44","slug":"avellanedadelincuentes-que-huian-de-la-policia-casi-provocan-una-tragedia","status":"publish","type":"post","link":"https:\/\/www.elsindical.com.ar\/notas\/avellanedadelincuentes-que-huian-de-la-policia-casi-provocan-una-tragedia\/","title":{"rendered":"Avellaneda:Delincuentes que hu\u00edan de la polic\u00eda casi provocan una tragedia"},"content":{"rendered":"<p><a href=\"http:\/\/www.elsindical.com.ar\/notas\/var\/www\/html\/notas\/wp-content\/uploads\/2014\/09\/Duster-choque-Avellaneda.jpg\"><img loading=\"lazy\" decoding=\"async\" class=\"alignnone size-medium wp-image-45620\" src=\"http:\/\/www.elsindical.com.ar\/notas\/var\/www\/html\/notas\/wp-content\/uploads\/2014\/09\/Duster-choque-Avellaneda-300x181.jpg\" alt=\"Duster-choque-Avellaneda\" width=\"300\" height=\"181\" srcset=\"https:\/\/www.elsindical.com.ar\/notas\/var\/www\/html\/notas\/wp-content\/uploads\/2014\/09\/Duster-choque-Avellaneda-300x181.jpg 300w, https:\/\/www.elsindical.com.ar\/notas\/var\/www\/html\/notas\/wp-content\/uploads\/2014\/09\/Duster-choque-Avellaneda-494x300.jpg 494w, https:\/\/www.elsindical.com.ar\/notas\/var\/www\/html\/notas\/wp-content\/uploads\/2014\/09\/Duster-choque-Avellaneda.jpg 531w\" sizes=\"auto, (max-width: 300px) 100vw, 300px\" \/><\/a>El s\u00e1bado comenzando la noche, dos delincuentes intentaban escaparse de la polic\u00eda bonaerense\u00a0en Avellaneda centro, pero la persecuci\u00f3n\u00a0termin\u00f3 en un m\u00faltiple choque e incendio.<\/p>\n<p>Uno de los ladrones, que se tirotearon con los agentes de seguridad, fue apresado mientras que el otro est\u00e1 pr\u00f3fugo, al aprovechar con confusi\u00f3n que se gener\u00f3 cuando la camioneta\u00a0colision\u00f3 otros autos y subi\u00f3 a la vereda de la Av. Mitre, para estrellarse contra la puerta de una pizzer\u00eda que se encuentra en el lugar.<\/p>\n<p>El incidente tuvo lugar en Avenida Mitre y 12 de Octubre, Avellaneda, cuando la camioneta Duster conducida por dos pr\u00f3fugos de la polic\u00eda impact\u00f3 contra una pizzer\u00eda,<span class=\"text_exposed_show\"> causando un incendio. <\/span><\/p>\n<p><span class=\"text_exposed_show\">Inmediatamente, uno de los ladrones fue apresado, mientras que el otro se dio a la fuga y es buscado por los oficiales, trabajaron en el lugar bomberos y ambulancias.<\/span><\/p>\n","protected":false},"excerpt":{"rendered":"<p>El s\u00e1bado comenzando la noche, dos delincuentes intentaban escaparse de la polic\u00eda bonaerense\u00a0en Avellaneda centro, pero la persecuci\u00f3n\u00a0termin\u00f3 en un m\u00faltiple choque e incendio. Uno de los ladrones, que se tirotearon con los agentes de seguridad, fue apresado mientras que el otro est\u00e1 pr\u00f3fugo, al aprovechar con confusi\u00f3n que se gener\u00f3 cuando la camioneta\u00a0colision\u00f3 otros&hellip;<\/p>\n","protected":false},"author":1,"featured_media":0,"comment_status":"open","ping_status":"open","sticky":false,"template":"","format":"standard","meta":{"footnotes":""},"categories":[22],"tags":[461,651,91,1333,2552,30,238],"class_list":["post-45619","post","type-post","status-publish","format-standard","hentry","category-policiales","tag-avellaneda","tag-choque","tag-detenido","tag-ladrones","tag-pizzeria","tag-policia","tag-tiroteo"],"_links":{"self":[{"href":"https:\/\/www.elsindical.com.ar\/notas\/wp-json\/wp\/v2\/posts\/45619","targetHints":{"allow":["GET"]}}],"collection":[{"href":"https:\/\/www.elsindical.com.ar\/notas\/wp-json\/wp\/v2\/posts"}],"about":[{"href":"https:\/\/www.elsindical.com.ar\/notas\/wp-json\/wp\/v2\/types\/post"}],"author":[{"embeddable":true,"href":"https:\/\/www.elsindical.com.ar\/notas\/wp-json\/wp\/v2\/users\/1"}],"replies":[{"embeddable":true,"href":"https:\/\/www.elsindical.com.ar\/notas\/wp-json\/wp\/v2\/comments?post=45619"}],"version-history":[{"count":1,"href":"https:\/\/www.elsindical.com.ar\/notas\/wp-json\/wp\/v2\/posts\/45619\/revisions"}],"predecessor-version":[{"id":45621,"href":"https:\/\/www.elsindical.com.ar\/notas\/wp-json\/wp\/v2\/posts\/45619\/revisions\/45621"}],"wp:attachment":[{"href":"https:\/\/www.elsindical.com.ar\/notas\/wp-json\/wp\/v2\/media?parent=45619"}],"wp:term":[{"taxonomy":"category","embeddable":true,"href":"https:\/\/www.elsindical.com.ar\/notas\/wp-json\/wp\/v2\/categories?post=45619"},{"taxonomy":"post_tag","embeddable":true,"href":"https:\/\/www.elsindical.com.ar\/notas\/wp-json\/wp\/v2\/tags?post=45619"}],"curies":[{"name":"wp","href":"https:\/\/api.w.org\/{rel}","templated":true}]}}