{"id":4561,"date":"2010-03-15T10:36:48","date_gmt":"2010-03-15T13:36:48","guid":{"rendered":"http:\/\/www.elsindical.com.ar\/notas\/?p=4561"},"modified":"2010-03-15T10:36:48","modified_gmt":"2010-03-15T13:36:48","slug":"iba-a-la-fiesta-de-san-patricio-con-amigos-y-lo-asesinaron-por-error","status":"publish","type":"post","link":"https:\/\/www.elsindical.com.ar\/notas\/iba-a-la-fiesta-de-san-patricio-con-amigos-y-lo-asesinaron-por-error\/","title":{"rendered":"Iba a la fiesta de San Patricio con amigos y lo asesinaron \u00abpor error\u00bb"},"content":{"rendered":"<p style=\"text-align: justify;\"><a href=\"http:\/\/www.elsindical.com.ar\/notas\/var\/www\/html\/notas\/wp-content\/uploads\/2010\/03\/Franco-Castro-L\u00f3pez.jpg\"><img loading=\"lazy\" decoding=\"async\" class=\"alignleft size-full wp-image-4562\" title=\"Franco-Castro-L\u00f3pez\" src=\"http:\/\/www.elsindical.com.ar\/notas\/var\/www\/html\/notas\/wp-content\/uploads\/2010\/03\/Franco-Castro-L\u00f3pez.jpg\" alt=\"\" width=\"198\" height=\"159\" \/><\/a>Franco Castro L\u00f3pez de 16 a\u00f1os, que estudiaba en el secundario, fue salvajemente asesinado de un balazo cuando iba junto a un grupo de amigos hacia una plaza para celebrar la fiesta de San Patricio. El asesino es el padre de una chica que acus\u00f3 a la v\u00edctima de haberle faltado el respeto a su hija.<\/p>\n<p style=\"text-align: justify;\">El crimen, que trascendi\u00f3 esta ma\u00f1ana, se produjo en la v\u00edspera, cuando el adolescente -identificado como Franco Castro L\u00f3pez e hijo de los due\u00f1os de una cadena de farmacias de esta ciudad- recibi\u00f3 un disparo de arma de fuego que le impact\u00f3 en el cuello.<\/p>\n<p>El homicidio supuestamente se desencaden\u00f3 porque el asesino crey\u00f3 que los chicos le hab\u00edan faltado el respeto a su hija en la calle y quiso vengarse a los tiros, seg\u00fan trascendi\u00f3.<\/p>\n<p>En ese sentido, los investigadores -despu\u00e9s de tomarle declaraci\u00f3n a los amigos de la v\u00edctima- ya descartaron la posibilidad de que el grupo se hubiera cruzado con una chica, seg\u00fan la informaci\u00f3n publicada por el diario La Capital de esta ciudad.<\/p>\n<p>Tras el crimen, la Polic\u00eda busca a dos hombres de entre 30 y 40 a\u00f1os, que podr\u00edan ser de la zona donde ocurri\u00f3 el homicidio, pero las fuentes consultadas no lo confirmaron ya que manten\u00edan la investigaci\u00f3n bajo un fuerte hermetismo.<\/p>\n<p style=\"text-align: justify;\">El hecho ocurri\u00f3 ayer por la madrugada, cuando Franco, junto a seis amigos, sali\u00f3 de su casa ubicada en Alvear al 4500 para ir a la fiesta de San Patricio que se estaba realizando en la Plaza del Agua, en esta ciudad.<\/p>\n<p>De acuerdo con lo indicado, el grupo de amigos caminaba por Alvear entre Vieytes y Juan Jos\u00e9 Paso cuando vieron pasar varias veces a alta velocidad a un Citro\u00ebn C3 gris con vidrios polarizados.<\/p>\n<p style=\"text-align: justify;\">En un momento determinado, el auto fren\u00f3 y el acompa\u00f1ante con el torso desnudo y una campera apoyada en sus hombros baj\u00f3 y les dijo, seg\u00fan sus testimonios: \u00ab\u00bfQui\u00e9n mierda le toc\u00f3 el culo a mi hija?\u00bb.<\/p>\n<p>Si bien los j\u00f3venes no entend\u00edan qu\u00e9 pasaba, el sujeto los segu\u00eda interrogando e insultando, hasta que lleg\u00f3 a sacar un arma.<\/p>\n<p style=\"text-align: justify;\">Por el susto, algunos de los chicos salieron corriendo, otros se alejaron unos metros, pero a Franco el miedo lo paraliz\u00f3.En ese momento, el sujeto dispar\u00f3 e hiri\u00f3 de muerte a Franco, tras lo cual se subi\u00f3 al auto y escap\u00f3 junto a su c\u00f3mplice.<\/p>\n<p>Desesperados, los amigos del adolescente llamaron a la ambulancia, pero Franco no resisti\u00f3 y muri\u00f3 apenas lleg\u00f3 al hospital, seg\u00fan lo se\u00f1alado.<\/p>\n<p style=\"text-align: justify;\">El personal de un patrullero que estaba s\u00f3lo a dos cuadras del lugar lleg\u00f3 r\u00e1pido a la escena del crimen e intent\u00f3 ayudar a Franco, pero la herida era de extrema gravedad.<\/p>\n<p>Una vez trasladado el joven en ambulancia, efectivos de la comisaria 9na, peritos de la Polic\u00eda Cient\u00edfica e investigadores de la DDI trabajaron sobre la escena del crimen y recolectaron diferentes tipos de huellas.<\/p>\n<p style=\"text-align: justify;\">Tom\u00f3 intervenci\u00f3n en el caso el fiscal Juan Pablo L\u00f3dola, quien orden\u00f3 diferentes medidas para conseguir pistas firmes sobre el asesino.<\/p>\n<p>Seg\u00fan las fuentes consultadas, la escena era conmovedora: los amigos de Franco no pod\u00edan cree lo que hab\u00eda pasado. \u00abLos chicos contaron que fue todo una locura. Ellos no ten\u00edan nada que ver con lo que les dec\u00eda el asesino, s\u00f3lo iban caminando hasta la Plaza del Agua. Lo mat\u00f3 por error o porque ten\u00eda ganas de matar\u00bb, afirm\u00f3 una fuente extraoficial.<\/p>\n","protected":false},"excerpt":{"rendered":"<p>Franco Castro L\u00f3pez de 16 a\u00f1os, que estudiaba en el secundario, fue salvajemente asesinado de un balazo cuando iba junto a un grupo de amigos hacia una plaza para celebrar la fiesta de San Patricio. El asesino es el padre de una chica que acus\u00f3 a la v\u00edctima de haberle faltado el respeto a su&hellip;<\/p>\n","protected":false},"author":1,"featured_media":0,"comment_status":"open","ping_status":"open","sticky":false,"template":"","format":"standard","meta":{"footnotes":""},"categories":[22],"tags":[2108,388,2329,323,359],"class_list":["post-4561","post","type-post","status-publish","format-standard","hentry","category-policiales","tag-chica","tag-disparo","tag-homicidio","tag-joven","tag-padre"],"_links":{"self":[{"href":"https:\/\/www.elsindical.com.ar\/notas\/wp-json\/wp\/v2\/posts\/4561","targetHints":{"allow":["GET"]}}],"collection":[{"href":"https:\/\/www.elsindical.com.ar\/notas\/wp-json\/wp\/v2\/posts"}],"about":[{"href":"https:\/\/www.elsindical.com.ar\/notas\/wp-json\/wp\/v2\/types\/post"}],"author":[{"embeddable":true,"href":"https:\/\/www.elsindical.com.ar\/notas\/wp-json\/wp\/v2\/users\/1"}],"replies":[{"embeddable":true,"href":"https:\/\/www.elsindical.com.ar\/notas\/wp-json\/wp\/v2\/comments?post=4561"}],"version-history":[{"count":1,"href":"https:\/\/www.elsindical.com.ar\/notas\/wp-json\/wp\/v2\/posts\/4561\/revisions"}],"predecessor-version":[{"id":4563,"href":"https:\/\/www.elsindical.com.ar\/notas\/wp-json\/wp\/v2\/posts\/4561\/revisions\/4563"}],"wp:attachment":[{"href":"https:\/\/www.elsindical.com.ar\/notas\/wp-json\/wp\/v2\/media?parent=4561"}],"wp:term":[{"taxonomy":"category","embeddable":true,"href":"https:\/\/www.elsindical.com.ar\/notas\/wp-json\/wp\/v2\/categories?post=4561"},{"taxonomy":"post_tag","embeddable":true,"href":"https:\/\/www.elsindical.com.ar\/notas\/wp-json\/wp\/v2\/tags?post=4561"}],"curies":[{"name":"wp","href":"https:\/\/api.w.org\/{rel}","templated":true}]}}