{"id":4558,"date":"2010-03-15T06:51:27","date_gmt":"2010-03-15T09:51:27","guid":{"rendered":"http:\/\/www.elsindical.com.ar\/notas\/?p=4558"},"modified":"2010-03-15T06:51:27","modified_gmt":"2010-03-15T09:51:27","slug":"como-en-patentes-buscan-cada-ano-actualizar-automaticamente-el-abl","status":"publish","type":"post","link":"https:\/\/www.elsindical.com.ar\/notas\/como-en-patentes-buscan-cada-ano-actualizar-automaticamente-el-abl\/","title":{"rendered":"Como en patentes, buscan cada a\u00f1o actualizar autom\u00e1ticamente el ABL"},"content":{"rendered":"<p style=\"text-align: justify;\"><em><strong><a href=\"http:\/\/www.elsindical.com.ar\/notas\/var\/www\/html\/notas\/wp-content\/uploads\/2010\/03\/ABL-gen.jpg\"><img loading=\"lazy\" decoding=\"async\" class=\"alignleft size-full wp-image-4559\" title=\"ABL-gen\" src=\"http:\/\/www.elsindical.com.ar\/notas\/var\/www\/html\/notas\/wp-content\/uploads\/2010\/03\/ABL-gen.jpg\" alt=\"\" width=\"198\" height=\"247\" \/><\/a>Ser\u00eda de acuerdo al valor de mercado de las propiedades y su objetivo es el de incrementar la recaudaci\u00f3n fiscal de la ciudad de Buenos Aires<\/strong>. El macrismo busca consensuarlo con la oposici\u00f3n por su alto costo pol\u00edtico.<\/em><\/p>\n<p style=\"text-align: justify;\">Como para las patentes, buscan cada a\u00f1o actualizar autom\u00e1ticamente el ABL<\/p>\n<p>Ser\u00eda de acuerdo al valor de mercado de las propiedades y su objetivo es el de incrementar la recaudaci\u00f3n fiscal de la Ciudad de Buenos Aires. El macrismo busca consensuarlo con la oposici\u00f3n por su alto costo pol\u00edtico<\/p>\n<p>El Gobierno de Mauricio Macri buscar\u00e1 a trav\u00e9s de un proyecto de la Comisi\u00f3n de Reforma Tributaria puesta en marcha el pasado 1 de marzo, actualizar autom\u00e1ticamente el impuesto de Alumbrado, Barrido y Limpieza de acuerdo al valor de mercado de las propiedades. Intenta con ello, incrementar la recaudaci\u00f3n fiscal de la Ciudad.<\/p>\n<p>Y a pesar que el oficialismo porte\u00f1o busca consensuar con la oposici\u00f3n la actualizaci\u00f3n, al parecer rechazar\u00e1n cualquier aumento.<\/p>\n<p>Seg\u00fan los n\u00fameros previstos para el 2010 este a\u00f1o se recaudar\u00e1 $1.314 millones por ABL y casi $1.000 millones por Patentes y el macrismo considera que la diferencia entre ambos impuestos debe ser mayor seg\u00fan informa el diario Clar\u00edn.<\/p>\n<p>Cabe recordar que el ABL fue aumentado en 2007 en el per\u00edodo en el cual Jorge Telermann dejaba su cargo y asum\u00eda Macri al frente del Gobierno de la Ciudad de Buenos Aires y luego de 16 de estancamiento. Y fue all\u00ed donde se produjo un duro cruce en la Legislatura que termin\u00f3 por modificar la idea inicial de aumento generalizado en la concentraci\u00f3n de la suba en los barrio m\u00e1s cotizados de la ciudad.<\/p>\n","protected":false},"excerpt":{"rendered":"<p>Ser\u00eda de acuerdo al valor de mercado de las propiedades y su objetivo es el de incrementar la recaudaci\u00f3n fiscal de la ciudad de Buenos Aires. El macrismo busca consensuarlo con la oposici\u00f3n por su alto costo pol\u00edtico. Como para las patentes, buscan cada a\u00f1o actualizar autom\u00e1ticamente el ABL Ser\u00eda de acuerdo al valor de&hellip;<\/p>\n","protected":false},"author":1,"featured_media":0,"comment_status":"open","ping_status":"open","sticky":false,"template":"","format":"standard","meta":{"footnotes":""},"categories":[9],"tags":[2381,2382],"class_list":["post-4558","post","type-post","status-publish","format-standard","hentry","category-economia","tag-abl","tag-gobierno-porten"],"_links":{"self":[{"href":"https:\/\/www.elsindical.com.ar\/notas\/wp-json\/wp\/v2\/posts\/4558","targetHints":{"allow":["GET"]}}],"collection":[{"href":"https:\/\/www.elsindical.com.ar\/notas\/wp-json\/wp\/v2\/posts"}],"about":[{"href":"https:\/\/www.elsindical.com.ar\/notas\/wp-json\/wp\/v2\/types\/post"}],"author":[{"embeddable":true,"href":"https:\/\/www.elsindical.com.ar\/notas\/wp-json\/wp\/v2\/users\/1"}],"replies":[{"embeddable":true,"href":"https:\/\/www.elsindical.com.ar\/notas\/wp-json\/wp\/v2\/comments?post=4558"}],"version-history":[{"count":1,"href":"https:\/\/www.elsindical.com.ar\/notas\/wp-json\/wp\/v2\/posts\/4558\/revisions"}],"predecessor-version":[{"id":4560,"href":"https:\/\/www.elsindical.com.ar\/notas\/wp-json\/wp\/v2\/posts\/4558\/revisions\/4560"}],"wp:attachment":[{"href":"https:\/\/www.elsindical.com.ar\/notas\/wp-json\/wp\/v2\/media?parent=4558"}],"wp:term":[{"taxonomy":"category","embeddable":true,"href":"https:\/\/www.elsindical.com.ar\/notas\/wp-json\/wp\/v2\/categories?post=4558"},{"taxonomy":"post_tag","embeddable":true,"href":"https:\/\/www.elsindical.com.ar\/notas\/wp-json\/wp\/v2\/tags?post=4558"}],"curies":[{"name":"wp","href":"https:\/\/api.w.org\/{rel}","templated":true}]}}