{"id":45571,"date":"2014-09-19T20:14:57","date_gmt":"2014-09-19T23:14:57","guid":{"rendered":"http:\/\/www.elsindical.com.ar\/notas\/?p=45571"},"modified":"2014-09-19T20:16:34","modified_gmt":"2014-09-19T23:16:34","slug":"lidia-coronel-otra-madre-que-clama-justicia-por-su-bebe","status":"publish","type":"post","link":"https:\/\/www.elsindical.com.ar\/notas\/lidia-coronel-otra-madre-que-clama-justicia-por-su-bebe\/","title":{"rendered":"Lidia Coronel otra madre que clama justicia por su beb\u00e9"},"content":{"rendered":"<p style=\"text-align: center;\"><a href=\"http:\/\/www.elsindical.com.ar\/notas\/var\/www\/html\/notas\/wp-content\/uploads\/2014\/09\/Lidia-Coronel.jpg\"><img loading=\"lazy\" decoding=\"async\" class=\"alignnone size-medium wp-image-45572\" src=\"http:\/\/www.elsindical.com.ar\/notas\/var\/www\/html\/notas\/wp-content\/uploads\/2014\/09\/Lidia-Coronel-300x204.jpg\" alt=\"Lidia-Coronel\" width=\"300\" height=\"204\" srcset=\"https:\/\/www.elsindical.com.ar\/notas\/var\/www\/html\/notas\/wp-content\/uploads\/2014\/09\/Lidia-Coronel-300x204.jpg 300w, https:\/\/www.elsindical.com.ar\/notas\/var\/www\/html\/notas\/wp-content\/uploads\/2014\/09\/Lidia-Coronel-439x300.jpg 439w, https:\/\/www.elsindical.com.ar\/notas\/var\/www\/html\/notas\/wp-content\/uploads\/2014\/09\/Lidia-Coronel.jpg 517w\" sizes=\"auto, (max-width: 300px) 100vw, 300px\" \/><\/a>Otro indignante testimonio de una mam\u00e1 que perdi\u00f3 a su hijo Valent\u00edn\u00a0por las secuelas que en su salud produjeron la mala praxis m\u00e9dica que denuncian.<\/p>\n<p>La absoluta soledad, de una madre que siendo incluso delegada del gremio de perfumistas fue dejada sin trabajo y no tuvo apoyo del sindicato en al tratamiento de su hijo.<\/p>\n<p>Lidia hoy solo quiere como tantas otras mam\u00e1s y pap\u00e1s justicia, que las autoridades dejen de estar justificando las inspecciones, que den vueltas con excusas de no recordar fechas y que de una buena vez, alguien pueda explicar c\u00f3mo tantas muertes pueden ser obra de mala praxis de m\u00e9dicos que en otros \u00e1mbitos no han tenido los mismos problemas, nadie penso en eso?.<\/p>\n<p><iframe loading=\"lazy\" src=\"\/\/www.youtube.com\/embed\/SMU0TydtzHo\" width=\"580\" height=\"420\" frameborder=\"0\" allowfullscreen=\"allowfullscreen\"><\/iframe><\/p>\n<p><em><strong>Por Marcelo Ricardo Hawrylciw<\/strong><\/em><\/p>\n","protected":false},"excerpt":{"rendered":"<p>Otro indignante testimonio de una mam\u00e1 que perdi\u00f3 a su hijo Valent\u00edn\u00a0por las secuelas que en su salud produjeron la mala praxis m\u00e9dica que denuncian. La absoluta soledad, de una madre que siendo incluso delegada del gremio de perfumistas fue dejada sin trabajo y no tuvo apoyo del sindicato en al tratamiento de su hijo.&hellip;<\/p>\n","protected":false},"author":1,"featured_media":0,"comment_status":"open","ping_status":"open","sticky":false,"template":"","format":"standard","meta":{"footnotes":""},"categories":[6],"tags":[175,19683,695,19685,19684],"class_list":["post-45571","post","type-post","status-publish","format-standard","hentry","category-denuncias","tag-denuncia","tag-lidia-coronel","tag-mala-praxis","tag-perfumistas","tag-valentin"],"_links":{"self":[{"href":"https:\/\/www.elsindical.com.ar\/notas\/wp-json\/wp\/v2\/posts\/45571","targetHints":{"allow":["GET"]}}],"collection":[{"href":"https:\/\/www.elsindical.com.ar\/notas\/wp-json\/wp\/v2\/posts"}],"about":[{"href":"https:\/\/www.elsindical.com.ar\/notas\/wp-json\/wp\/v2\/types\/post"}],"author":[{"embeddable":true,"href":"https:\/\/www.elsindical.com.ar\/notas\/wp-json\/wp\/v2\/users\/1"}],"replies":[{"embeddable":true,"href":"https:\/\/www.elsindical.com.ar\/notas\/wp-json\/wp\/v2\/comments?post=45571"}],"version-history":[{"count":2,"href":"https:\/\/www.elsindical.com.ar\/notas\/wp-json\/wp\/v2\/posts\/45571\/revisions"}],"predecessor-version":[{"id":45574,"href":"https:\/\/www.elsindical.com.ar\/notas\/wp-json\/wp\/v2\/posts\/45571\/revisions\/45574"}],"wp:attachment":[{"href":"https:\/\/www.elsindical.com.ar\/notas\/wp-json\/wp\/v2\/media?parent=45571"}],"wp:term":[{"taxonomy":"category","embeddable":true,"href":"https:\/\/www.elsindical.com.ar\/notas\/wp-json\/wp\/v2\/categories?post=45571"},{"taxonomy":"post_tag","embeddable":true,"href":"https:\/\/www.elsindical.com.ar\/notas\/wp-json\/wp\/v2\/tags?post=45571"}],"curies":[{"name":"wp","href":"https:\/\/api.w.org\/{rel}","templated":true}]}}