{"id":45492,"date":"2014-09-16T20:14:27","date_gmt":"2014-09-16T23:14:27","guid":{"rendered":"http:\/\/www.elsindical.com.ar\/notas\/?p=45492"},"modified":"2014-09-16T20:14:27","modified_gmt":"2014-09-16T23:14:27","slug":"que-emociones-oculta-el-tabaco","status":"publish","type":"post","link":"https:\/\/www.elsindical.com.ar\/notas\/que-emociones-oculta-el-tabaco\/","title":{"rendered":"\u00bfQu\u00e9 emociones oculta el tabaco?"},"content":{"rendered":"<p><a href=\"http:\/\/www.elsindical.com.ar\/notas\/var\/www\/html\/notas\/wp-content\/uploads\/2014\/02\/fumar-en-bares.jpg\"><img loading=\"lazy\" decoding=\"async\" class=\"alignnone size-medium wp-image-40887\" src=\"http:\/\/www.elsindical.com.ar\/notas\/var\/www\/html\/notas\/wp-content\/uploads\/2014\/02\/fumar-en-bares-300x170.jpg\" alt=\"fumar-en-bares\" width=\"300\" height=\"170\" srcset=\"https:\/\/www.elsindical.com.ar\/notas\/var\/www\/html\/notas\/wp-content\/uploads\/2014\/02\/fumar-en-bares-300x170.jpg 300w, https:\/\/www.elsindical.com.ar\/notas\/var\/www\/html\/notas\/wp-content\/uploads\/2014\/02\/fumar-en-bares-500x283.jpg 500w, https:\/\/www.elsindical.com.ar\/notas\/var\/www\/html\/notas\/wp-content\/uploads\/2014\/02\/fumar-en-bares.jpg 502w\" sizes=\"auto, (max-width: 300px) 100vw, 300px\" \/><\/a>El <b>cigarrillo <\/b>est\u00e1 vinculado a los pulmones, s\u00edmbolo de vida, libertad y autonom\u00eda, comunicaci\u00f3n entre yo y el universo. Est\u00e1 considerado como <strong>una forma de protecci\u00f3n<\/strong>, un \u201cvelo\u201d que me permite ocultar ciertas angustias\u00a0profundas. Creo protegerme por esta pantalla de humo que me rodea y que me impide ver la verdad.<\/p>\n<p>Inconscientemente, el cigarrillo colma tambi\u00e9n <strong>necesidades pendientes de la infancia<\/strong>, primeras tomas de pecho, calor, amor, afecto de la madre. Enciendo un cigarrillo sin pensar en ello, es una costumbre, un gesto autom\u00e1tico, una man\u00eda que se ha hecho muy importante para m\u00ed. Necesito equilibrar en m\u00e1s o en menos mi nerviosidad, mi excitabilidad nerviosa. Quiero encontrar \u201cla paz de mi madre\u201d, la seguridad de \u00e9sta.<\/p>\n<p>Si fumo, es porque<b> huyo <\/b>una situaci\u00f3n demasiado desagradable, mi familia, mi vida. Este humo hace que mis decisiones est\u00e9n a\u00fan m\u00e1s nebulosas.<\/p>\n<p>El <b>cigarrillo <\/b>aumenta el ritmo card\u00edaco y act\u00faa a t\u00edtulo de estimulante.<\/p>\n<p>\u00bfCu\u00e1les son las decisiones que no consigo tomar y que me hacen la vida sosa?<\/p>\n<p>Identifico mis necesidades aut\u00e9nticas. Acepto comunicar m\u00e1s y de un modo m\u00e1s f\u00e1cil. Si quiero dejar de fumar, ser\u00eda bueno que <strong>hallara la causa emocional<\/strong> a la cual est\u00e1 vinculada esta costumbre, lo cual facilitar\u00e1 mucho el cese. Entonces ver\u00e9 m\u00e1s claramente lo que realmente quiero en la vida y mis<strong> necesidades estar\u00e1n colmadas en armon\u00eda con mi ser aut\u00e9ntico.<\/strong><\/p>\n<p><em>Fuente: el gran diccionario de las dolencias y enfermedades. Jacques Martel.<\/em><\/p>\n","protected":false},"excerpt":{"rendered":"<p>El cigarrillo est\u00e1 vinculado a los pulmones, s\u00edmbolo de vida, libertad y autonom\u00eda, comunicaci\u00f3n entre yo y el universo. Est\u00e1 considerado como una forma de protecci\u00f3n, un \u201cvelo\u201d que me permite ocultar ciertas angustias\u00a0profundas. Creo protegerme por esta pantalla de humo que me rodea y que me impide ver la verdad. Inconscientemente, el cigarrillo colma&hellip;<\/p>\n","protected":false},"author":1,"featured_media":0,"comment_status":"open","ping_status":"open","sticky":false,"template":"","format":"standard","meta":{"footnotes":""},"categories":[23],"tags":[2798,18184,3277,22031,2799],"class_list":["post-45492","post","type-post","status-publish","format-standard","hentry","category-salud","tag-cigarrillo","tag-emociones","tag-fumar","tag-salud","tag-tabaco"],"_links":{"self":[{"href":"https:\/\/www.elsindical.com.ar\/notas\/wp-json\/wp\/v2\/posts\/45492","targetHints":{"allow":["GET"]}}],"collection":[{"href":"https:\/\/www.elsindical.com.ar\/notas\/wp-json\/wp\/v2\/posts"}],"about":[{"href":"https:\/\/www.elsindical.com.ar\/notas\/wp-json\/wp\/v2\/types\/post"}],"author":[{"embeddable":true,"href":"https:\/\/www.elsindical.com.ar\/notas\/wp-json\/wp\/v2\/users\/1"}],"replies":[{"embeddable":true,"href":"https:\/\/www.elsindical.com.ar\/notas\/wp-json\/wp\/v2\/comments?post=45492"}],"version-history":[{"count":1,"href":"https:\/\/www.elsindical.com.ar\/notas\/wp-json\/wp\/v2\/posts\/45492\/revisions"}],"predecessor-version":[{"id":45493,"href":"https:\/\/www.elsindical.com.ar\/notas\/wp-json\/wp\/v2\/posts\/45492\/revisions\/45493"}],"wp:attachment":[{"href":"https:\/\/www.elsindical.com.ar\/notas\/wp-json\/wp\/v2\/media?parent=45492"}],"wp:term":[{"taxonomy":"category","embeddable":true,"href":"https:\/\/www.elsindical.com.ar\/notas\/wp-json\/wp\/v2\/categories?post=45492"},{"taxonomy":"post_tag","embeddable":true,"href":"https:\/\/www.elsindical.com.ar\/notas\/wp-json\/wp\/v2\/tags?post=45492"}],"curies":[{"name":"wp","href":"https:\/\/api.w.org\/{rel}","templated":true}]}}