{"id":45490,"date":"2014-09-16T20:06:52","date_gmt":"2014-09-16T23:06:52","guid":{"rendered":"http:\/\/www.elsindical.com.ar\/notas\/?p=45490"},"modified":"2014-09-16T20:06:52","modified_gmt":"2014-09-16T23:06:52","slug":"en-avellaneda-lo-top-es-ser-funcional-a-ferraresi-quien-busca-limpiarse-del-kirchnerismo","status":"publish","type":"post","link":"https:\/\/www.elsindical.com.ar\/notas\/en-avellaneda-lo-top-es-ser-funcional-a-ferraresi-quien-busca-limpiarse-del-kirchnerismo\/","title":{"rendered":"En Avellaneda lo top es ser funcional a Ferraresi quien busca limpiarse del Kirchnerismo"},"content":{"rendered":"<p><a href=\"http:\/\/www.elsindical.com.ar\/notas\/var\/www\/html\/notas\/wp-content\/uploads\/2014\/06\/Jes\u00fas-y-Beto.jpg\"><img loading=\"lazy\" decoding=\"async\" class=\"alignnone size-medium wp-image-43368\" src=\"http:\/\/www.elsindical.com.ar\/notas\/var\/www\/html\/notas\/wp-content\/uploads\/2014\/06\/Jes\u00fas-y-Beto-300x278.jpg\" alt=\"Jes\u00fas-y-Beto\" width=\"300\" height=\"278\" srcset=\"https:\/\/www.elsindical.com.ar\/notas\/var\/www\/html\/notas\/wp-content\/uploads\/2014\/06\/Jes\u00fas-y-Beto-300x278.jpg 300w, https:\/\/www.elsindical.com.ar\/notas\/var\/www\/html\/notas\/wp-content\/uploads\/2014\/06\/Jes\u00fas-y-Beto-323x300.jpg 323w, https:\/\/www.elsindical.com.ar\/notas\/var\/www\/html\/notas\/wp-content\/uploads\/2014\/06\/Jes\u00fas-y-Beto.jpg 502w\" sizes=\"auto, (max-width: 300px) 100vw, 300px\" \/><\/a>El hombre de Jes\u00fas Cariglino en Avellaneda y L\u00edder de la Agrupaci\u00f3n pol\u00edtica \u201cProyecto Avellaneda\u201d el concejal (mc) Alberto \u201cBeto Silva\u201d declaro que Avellaneda se ha convertido en una especie de escenograf\u00eda del tema \u00abSiglo 20 cambalache\u00bb: \u00abTodos en el mismo lodo <span class=\"text_exposed_hide\">&#8230;<\/span><span class=\"text_exposed_show\">revolcados\u00bb. As\u00ed el fervoroso y \u00e9pico intendente de Avellaneda, Ferraresi, emulando a su jefa la Presidenta Cristina Kirchner aplica a diestra y siniestra el Gran juego Ingles, DIVIDE Y REINARAS. <\/span><\/p>\n<div class=\"text_exposed_show\">\n<p>Silva aseguro que para el Intendente Jorge Ferraresi los resultados son \u00f3ptimos: dividi\u00f3 a todas las organizaciones gremiales pol\u00edticas e institucionales que pudo y que ahora le son serviles a sus m\u00e1s oscuros deseos ya sean por acci\u00f3n u omisi\u00f3n.<\/p>\n<p>En efecto, entre otros, ya dividio al P.J de Avellaneda, al gremialismo de la U.O.C.R.A, a los Municipales de Avellaneda, al Frente Renovador, a la UCR &#8211; FAP \u2013 UNEN y al Defensor del pueblo lo transformo en el Defensor de Ferraresi<\/p>\n<p>El Intendente de Avellaneda Ferraresi quien supo honrar como M\u00e1rtires \/ H\u00e9roes a los subversivos del ERP (Ej\u00e9rcito Revolucionario del pueblo), se re\u00fane con Jorge Macri del PRO y trata de limpiar su kirchnerismo recibiendo a una comitiva del puntano Rodriguez Saa<\/p>\n<p>El Intendente de Avellaneda Ferraresi organiza actos para los posibles presidenciales del Kirchnerismo Scioli, Urribarri, Randazzo etc. mientras divide a los concejales del FpV poni\u00e9ndolos a trabajar para la causa de estos candidatos.<\/p>\n<p>En el Concejo Deliberante todos responden a \u00e9l. As\u00ed se vio en el tratamiento que se le dio al pretendido traspaso del Hospital de Wilde a provincia donde el DIVIDE Y REINARAS cumple su cometido.<\/p>\n<p>Luego de la \u00faltima movida de Ferraresi y a consecuencia de su maquiav\u00e9lico accionar, varios Intendentes entre los que estar\u00eda \u00e9l ya est\u00e1n pensando en al frente Renovador de la mano de Mart\u00edn Insaulrralde.<br \/>\n\u00a1QU\u00c9 EL \u00daLTIMO APAGUE LA LUZ !<\/p>\n<\/div>\n","protected":false},"excerpt":{"rendered":"<p>El hombre de Jes\u00fas Cariglino en Avellaneda y L\u00edder de la Agrupaci\u00f3n pol\u00edtica \u201cProyecto Avellaneda\u201d el concejal (mc) Alberto \u201cBeto Silva\u201d declaro que Avellaneda se ha convertido en una especie de escenograf\u00eda del tema \u00abSiglo 20 cambalache\u00bb: \u00abTodos en el mismo lodo &#8230;revolcados\u00bb. As\u00ed el fervoroso y \u00e9pico intendente de Avellaneda, Ferraresi, emulando a su&hellip;<\/p>\n","protected":false},"author":1,"featured_media":0,"comment_status":"open","ping_status":"open","sticky":false,"template":"","format":"standard","meta":{"footnotes":""},"categories":[13],"tags":[461,84,2819,9436,1062,328,1826,16689,1228],"class_list":["post-45490","post","type-post","status-publish","format-standard","hentry","category-politica","tag-avellaneda","tag-cristina-kirchner","tag-defensor-del-pueblo","tag-fap","tag-jorge-ferraresi","tag-pro","tag-ucr","tag-unen","tag-uocra"],"_links":{"self":[{"href":"https:\/\/www.elsindical.com.ar\/notas\/wp-json\/wp\/v2\/posts\/45490","targetHints":{"allow":["GET"]}}],"collection":[{"href":"https:\/\/www.elsindical.com.ar\/notas\/wp-json\/wp\/v2\/posts"}],"about":[{"href":"https:\/\/www.elsindical.com.ar\/notas\/wp-json\/wp\/v2\/types\/post"}],"author":[{"embeddable":true,"href":"https:\/\/www.elsindical.com.ar\/notas\/wp-json\/wp\/v2\/users\/1"}],"replies":[{"embeddable":true,"href":"https:\/\/www.elsindical.com.ar\/notas\/wp-json\/wp\/v2\/comments?post=45490"}],"version-history":[{"count":1,"href":"https:\/\/www.elsindical.com.ar\/notas\/wp-json\/wp\/v2\/posts\/45490\/revisions"}],"predecessor-version":[{"id":45491,"href":"https:\/\/www.elsindical.com.ar\/notas\/wp-json\/wp\/v2\/posts\/45490\/revisions\/45491"}],"wp:attachment":[{"href":"https:\/\/www.elsindical.com.ar\/notas\/wp-json\/wp\/v2\/media?parent=45490"}],"wp:term":[{"taxonomy":"category","embeddable":true,"href":"https:\/\/www.elsindical.com.ar\/notas\/wp-json\/wp\/v2\/categories?post=45490"},{"taxonomy":"post_tag","embeddable":true,"href":"https:\/\/www.elsindical.com.ar\/notas\/wp-json\/wp\/v2\/tags?post=45490"}],"curies":[{"name":"wp","href":"https:\/\/api.w.org\/{rel}","templated":true}]}}