{"id":45451,"date":"2014-09-16T01:59:38","date_gmt":"2014-09-16T04:59:38","guid":{"rendered":"http:\/\/www.elsindical.com.ar\/notas\/?p=45451"},"modified":"2024-01-30T11:38:52","modified_gmt":"2024-01-30T14:38:52","slug":"sandra-panizza-pone-toda-la-carne-al-asador","status":"publish","type":"post","link":"https:\/\/www.elsindical.com.ar\/notas\/sandra-panizza-pone-toda-la-carne-al-asador\/","title":{"rendered":"Sandra Panizza pone toda la carne al asador"},"content":{"rendered":"<p><a href=\"http:\/\/www.elsindical.com.ar\/notas\/var\/www\/html\/notas\/wp-content\/uploads\/2014\/09\/reuni\u00f3n-en-La-Plata-ministerio-de-salud.jpg\"><img loading=\"lazy\" decoding=\"async\" class=\"alignnone size-medium wp-image-45452\" src=\"http:\/\/www.elsindical.com.ar\/notas\/var\/www\/html\/notas\/wp-content\/uploads\/2014\/09\/reuni\u00f3n-en-La-Plata-ministerio-de-salud-300x168.jpg\" alt=\"reuni\u00f3n-en-La-Plata-ministerio-de-salud\" width=\"300\" height=\"168\" srcset=\"https:\/\/www.elsindical.com.ar\/notas\/var\/www\/html\/notas\/wp-content\/uploads\/2014\/09\/reuni\u00f3n-en-La-Plata-ministerio-de-salud-300x168.jpg 300w, https:\/\/www.elsindical.com.ar\/notas\/var\/www\/html\/notas\/wp-content\/uploads\/2014\/09\/reuni\u00f3n-en-La-Plata-ministerio-de-salud-500x281.jpg 500w, https:\/\/www.elsindical.com.ar\/notas\/var\/www\/html\/notas\/wp-content\/uploads\/2014\/09\/reuni\u00f3n-en-La-Plata-ministerio-de-salud.jpg 620w\" sizes=\"auto, (max-width: 300px) 100vw, 300px\" \/><\/a>\u00a0\u00a0 Hoy, en la ciudad de La Plata, qued\u00f3 en evidencia que la due\u00f1a de la Cl\u00ednica Nuestra Se\u00f1ora de la Dulce Espera, est\u00e1 jugando todas las fichas, primero en la semana, consiguieron pauta mediante, que el diario local La Ciudad, se ocupara de publicitar la adquisici\u00f3n de un tom\u00f3grafo aduciendo que era en beneficio de todos los vecinos, ya que va a funcionar las 24 hs. y como quien no quiere la cosa, adem\u00e1s destaca el medio en un breve destacado, que la cl\u00ednica volvi\u00f3 a enviar alimentos a un centro cultural y comedor, para vender una imagen distinta a la que\u00a0tienen los vecinos que la detestan y todos coinciden en que no hizo la cl\u00ednica siendo \u00e9tica como m\u00e9dica.<\/p>\n<p>El arribo minutos antes de las 16:00 hs, en que estaban convocados los padres y familiares a la reuni\u00f3n con el ministro de salud bonaerense del abogado Fernando Burlando, sorprendi\u00f3 a todos cuando supieron que \u00e9l representa los intereses de la cl\u00ednica.<\/p>\n<p>Mucha agua ha corrido por la vida del abogado de la cl\u00ednica, quien siempre ha sabido \u00abvender\u00bb muy bien su producto. Es un abogado que lo supera su propio Yo, con much\u00edsimos contactos pol\u00edticos, con una excelente relaci\u00f3n con los representantes del Poder Judicial y la polic\u00eda, Burlando, es como se lo ve, un provocador. Afecto a los poses medi\u00e1ticas\u00a0y los discursos cargados de una oratoria de pol\u00edtico en campa\u00f1a, suele ser desmesurado y con los a\u00f1os se cuida mucho menos a la hora de calificar al resto de las personas.<\/p>\n<p>Es un \u00edntimo del gobernador Daniel Scioli, por lo que la imparcialidad del ministro de salud, ser\u00e1 algo que tendr\u00e1 que demostrar con hechos m\u00e1s que con palabras, tan \u00edntimo que sol\u00eda pasar varios fines de semana en la quinta \u00abLa \u00d1ata\u00bb y compartir algunos partidos de f\u00fatbol con el hombre fuerte en la provincia de Buenos Aires. Su aparici\u00f3n en escena para defender la cl\u00ednica no ha sido tal vez la mejor opci\u00f3n, ya que lejos de intimidar, a los que reclaman, los llena de valor y determinaci\u00f3n, sabiendo que ahora tendr\u00e1n que dar lo mejor de s\u00ed.<\/p>\n<p>Tambi\u00e9n alimenta las intrigas, ya que no solo se habla de mala praxis, cuando se habla de la cl\u00ednica, sino que se mencionan otras hip\u00f3tesis diferentes, pero todas vinculadas con il\u00edcitos graves. Lo primero que hoy se preguntan muchos es \u00bf qui\u00e9n le paga Burlando a la cl\u00ednica?, y la amenaza que alguien sin escr\u00fapulos me profiriera hace unos d\u00edas, ahora comienza a tener otro color cuando me asegur\u00f3 \u00abVos no sab\u00e9s con la gente que te est\u00e1s metiendo, te lo digo por tu bien, hay mucha gente muy pesada detr\u00e1s de esto\u00bb.<\/p>\n<p>Un r\u00e1pido an\u00e1lisis nos lleva a otros casos resonantes en los que particip\u00f3, y que en su momento sirvieron para descomprimir situaciones criticas en donde se mezclaban, la actuaci\u00f3n policial, la pol\u00edtica, la droga y los pol\u00edticos, tal vez el m\u00e1s reciente, el caso Candela.<\/p>\n<p>En la reuni\u00f3n de hoy qued\u00f3 en evidencia cu\u00e1l es la estrategia del abogado, \u00abentregar\u00bb a los m\u00e9dicos, incluido el director de la cl\u00ednica y dejar a salvo a Sandra Panizza.<\/p>\n<p>Espero equivocarme, pero sent\u00ed que el propio ministro apoyaba esta teor\u00eda con comentarios al pasar vinculando los hechos a actos m\u00e9dicos, lo cual es correcto, pero cuando existe una metodolog\u00eda sistem\u00e1tica de practicar ces\u00e1reas innecesarias, generando adem\u00e1s m\u00e1s beb\u00e9s prematuros, para tener que internarlos y aumentar la facturaci\u00f3n, la responsabilidad de la due\u00f1a de la cl\u00ednica no puede quedar a un costado.<\/p>\n<p>Si bien el ministro demostr\u00f3 inter\u00e9s y compromiso para con las familias, no menos cierto es que no es serio decir que no ten\u00edan denuncias anteriores, cuando todos los que alguna vez presentamos una queja o denuncia, sabemos que no nos recibe el ministro sin una audiencia previa, entonces reitero es dif\u00edcil creer en la objetividad.<\/p>\n<p>Como denunci\u00f3 la abogada de algunos padres Clarisa, existen varios focos de corrupci\u00f3n y complicidad con la cl\u00ednica, que todos esperan no se repita.<\/p>\n<p>La concejal Ver\u00f3nica Ju\u00e1rez, quien viene acompa\u00f1ando en soledad a los familiares, ya que nos consta otros concejales, se encuentran con intereses encontrados con la cl\u00ednica, por trabajo, por familiares, le solicit\u00f3 al ministro Collia que no deje solos a los padres, que agradec\u00eda el gesto del gobernador Daniel Scioli y la posibilidad de reunirse con los familiares, tambi\u00e9n le pidi\u00f3 al abogado Fernando Burlando que recapacite sobre su participaci\u00f3n en favor de la cl\u00ednica, ya que no necesita ni el dinero ni la mala prensa que indudablemente da representar a quienes tienen tantas denuncias de alta sensibilidad, los familiares con mucho respeto le pidieron a Burlando que mire las fotos y escuche sus relatos.<\/p>\n<p>Desde el Multimedios El Sindical, comenzamos con las mam\u00e1s y los pap\u00e1s y terminaremos con ellos, este reclamo de justicia, porque a diferencia de otros profesionales, que dicen que no les interesa el dinero, pero est\u00e1n del lado del poderoso, del que tiene influencias, mientras que nosotros compartimos el dolor y el pedido de justicia, es obvio que la lucha es desigual, que incluso algunos tenemos m\u00e1s para perder que para ganar en una sociedad corrupta, donde los corruptos hacen causa com\u00fan. Pero tenemos dignidad, alguien contaba que hay que honrar la vida, y es lo que queremos hacer, erguirnos y honrar la vida, ser la voz de los que ya no est\u00e1n, llevarles algo de paz a muchas familias.<\/p>\n<p>Una actitud que destacamos por ponerse del lado de las familias, fue la del intendente Jorge Ferraresi, a quien hemos criticado en muchas de sus decisiones, pero en esta oportunidad, demostr\u00f3 su compromiso para que se investigue la cl\u00ednica, poniendo el medio de transporte para que las familias se trasladen al ministerio de salud.<\/p>\n<p>La llegada de Burlando es la clara se\u00f1al de que se est\u00e1 en el camino correcto, y que algo m\u00e1s hay detr\u00e1s de las muertes de los beb\u00e9s, no creo en casualidades con gente como Panizza, justamente una ex empleada declar\u00f3 bajo juramento en sede judicial las relaciones de la due\u00f1a de la cl\u00ednica con importantes dirigentes sindicales.<\/p>\n<p>Al parecer, Sandra Panizza debe ser protegida, o su ca\u00edda puede provocar un efecto domino que a muchos desvela, mientras los reclamos siguen y las denuncias aumentan.<\/p>\n<p>&nbsp;<\/p>\n<p><em><strong>Por Marcelo Ricardo Hawrylciw<\/strong><\/em><\/p>\n<p>&nbsp;<\/p>\n","protected":false},"excerpt":{"rendered":"<p>\u00a0\u00a0 Hoy, en la ciudad de La Plata, qued\u00f3 en evidencia que la due\u00f1a de la Cl\u00ednica Nuestra Se\u00f1ora de la Dulce Espera, est\u00e1 jugando todas las fichas, primero en la semana, consiguieron pauta mediante, que el diario local La Ciudad, se ocupara de publicitar la adquisici\u00f3n de un tom\u00f3grafo aduciendo que era en beneficio&hellip;<\/p>\n","protected":false},"author":1,"featured_media":0,"comment_status":"open","ping_status":"open","sticky":false,"template":"","format":"standard","meta":{"footnotes":""},"categories":[10],"tags":[5499,19417,983,2450,4080,239,1603,42136,2330],"class_list":["post-45451","post","type-post","status-publish","format-standard","hentry","category-editorial","tag-bebes","tag-clinica-nuestra-senora-de-la-dulce-espera","tag-daniel-scioli","tag-diario-el-sindical","tag-fernando-burlando","tag-la-plata","tag-ministerio-de-salud","tag-ministro-collia","tag-sarandi"],"_links":{"self":[{"href":"https:\/\/www.elsindical.com.ar\/notas\/wp-json\/wp\/v2\/posts\/45451","targetHints":{"allow":["GET"]}}],"collection":[{"href":"https:\/\/www.elsindical.com.ar\/notas\/wp-json\/wp\/v2\/posts"}],"about":[{"href":"https:\/\/www.elsindical.com.ar\/notas\/wp-json\/wp\/v2\/types\/post"}],"author":[{"embeddable":true,"href":"https:\/\/www.elsindical.com.ar\/notas\/wp-json\/wp\/v2\/users\/1"}],"replies":[{"embeddable":true,"href":"https:\/\/www.elsindical.com.ar\/notas\/wp-json\/wp\/v2\/comments?post=45451"}],"version-history":[{"count":4,"href":"https:\/\/www.elsindical.com.ar\/notas\/wp-json\/wp\/v2\/posts\/45451\/revisions"}],"predecessor-version":[{"id":45457,"href":"https:\/\/www.elsindical.com.ar\/notas\/wp-json\/wp\/v2\/posts\/45451\/revisions\/45457"}],"wp:attachment":[{"href":"https:\/\/www.elsindical.com.ar\/notas\/wp-json\/wp\/v2\/media?parent=45451"}],"wp:term":[{"taxonomy":"category","embeddable":true,"href":"https:\/\/www.elsindical.com.ar\/notas\/wp-json\/wp\/v2\/categories?post=45451"},{"taxonomy":"post_tag","embeddable":true,"href":"https:\/\/www.elsindical.com.ar\/notas\/wp-json\/wp\/v2\/tags?post=45451"}],"curies":[{"name":"wp","href":"https:\/\/api.w.org\/{rel}","templated":true}]}}