{"id":45443,"date":"2014-09-15T21:06:02","date_gmt":"2014-09-16T00:06:02","guid":{"rendered":"http:\/\/www.elsindical.com.ar\/notas\/?p=45443"},"modified":"2014-09-15T21:06:02","modified_gmt":"2014-09-16T00:06:02","slug":"la-familia-de-juan-carlos-klodczyk-reitera-el-pedido-de-justicia","status":"publish","type":"post","link":"https:\/\/www.elsindical.com.ar\/notas\/la-familia-de-juan-carlos-klodczyk-reitera-el-pedido-de-justicia\/","title":{"rendered":"La familia de Juan Carlos Klodczyk reitera el pedido de justicia"},"content":{"rendered":"<p class=\"bajada\"><em><a href=\"http:\/\/www.elsindical.com.ar\/notas\/var\/www\/html\/notas\/wp-content\/uploads\/2014\/06\/Juan-Carlos-Klodczyk.jpg\"><img loading=\"lazy\" decoding=\"async\" class=\"alignnone size-medium wp-image-43429\" src=\"http:\/\/www.elsindical.com.ar\/notas\/var\/www\/html\/notas\/wp-content\/uploads\/2014\/06\/Juan-Carlos-Klodczyk-300x297.jpg\" alt=\"Juan-Carlos-Klodczyk\" width=\"300\" height=\"297\" srcset=\"https:\/\/www.elsindical.com.ar\/notas\/var\/www\/html\/notas\/wp-content\/uploads\/2014\/06\/Juan-Carlos-Klodczyk-300x297.jpg 300w, https:\/\/www.elsindical.com.ar\/notas\/var\/www\/html\/notas\/wp-content\/uploads\/2014\/06\/Juan-Carlos-Klodczyk-150x150.jpg 150w, https:\/\/www.elsindical.com.ar\/notas\/var\/www\/html\/notas\/wp-content\/uploads\/2014\/06\/Juan-Carlos-Klodczyk-302x300.jpg 302w, https:\/\/www.elsindical.com.ar\/notas\/var\/www\/html\/notas\/wp-content\/uploads\/2014\/06\/Juan-Carlos-Klodczyk.jpg 502w\" sizes=\"auto, (max-width: 300px) 100vw, 300px\" \/><\/a>\u201cLa inseguridad est\u00e1 viva en la puerta de cada casa\u201d, asegur\u00f3 la mam\u00e1 del subcomisario asesinado.<\/em><\/p>\n<p class=\"bajada\">La familia del Subcomisario Juan Carlos Klodczyk, asesinado en Remedios de Escalada en 2011, volvi\u00f3 a reclamar justicia ante la apelaci\u00f3n de absoluci\u00f3n de los hermanos Daniel y Adri\u00e1n Vicente, juzgados en junio pasado por el crimen.<\/p>\n<p>El abogado de la familia, Jorge Luis Esquivel, present\u00f3 legalmente por segunda vez el pedido legal de la familia, ante la C\u00e1mara de Casaci\u00f3n Bonaerense, en oposici\u00f3n a la absoluci\u00f3n dictada por el Tribunal Oral en lo Criminal 2 de Lomas de Zamora, que el 30 de junio pasado liber\u00f3 a los acusados tras absolverlos.<\/p>\n<p><strong>Cr\u00edtica a la Justicia.<\/strong> Sara Avallay, la mam\u00e1 de la v\u00edctima dijo: \u00abTuvimos mala suerte con la fiscal que nos toc\u00f3, porque todos los testigos reconocieron a los acusados pero no acus\u00f3, ahora tenemos que buscar justicia otra vez para que los delincuentes no destruyan la vida de otras familias ya que la inseguridad est\u00e1 viva en la puerta de cada casa\u00bb. \u00abMi hijo era una persona especial, buena y noble. No puedo pensar que \u00e9l no est\u00e1 conmigo, pero es la realidad. Lo extra\u00f1o mucho y queremos justicia para que \u00e9l descanse en paz\u00bb, remarc\u00f3 la mujer.<\/p>\n<p><strong>Acusados absueltos.<\/strong> Los hermanos Vicente hab\u00edan llegados detenidos al debate oral acusados del homicidio criminis causa de Klodczyk durante una salidera bancaria, el 12 de diciembre en 2011. La absoluci\u00f3n de los acusados se produjo luego de que la Fiscal del juicio, Marcela Dimundo, no acusara por considerar insuficientes las pruebas en su contra.<\/p>\n<p><strong>El hecho.<\/strong> Ocurri\u00f3 el 12 de diciembre de 2011, cerca de las 12.30, cuando el subcomisario acompa\u00f1\u00f3 al banco a su t\u00eda Alicia para que retirara 12.000 pesos de su pensi\u00f3n. Tras la diligencia, ambos decidieron almorzar a la parrilla \u00abDi\u00f3genes\u00bb, de Lan\u00fas, y cuando iban hacia all\u00ed, en Esqui\u00fa y avenida Per\u00f3n, fueron interceptados por tres ladrones armados con fines de robo. Mientras la t\u00eda, que llevaba el dinero, sali\u00f3 corriendo rumbo a la parrilla, el efectivo se resisti\u00f3 al robo y los delincuentes lo atacaron a balazos y luego lo remataron en el suelo.<\/p>\n","protected":false},"excerpt":{"rendered":"<p>\u201cLa inseguridad est\u00e1 viva en la puerta de cada casa\u201d, asegur\u00f3 la mam\u00e1 del subcomisario asesinado. La familia del Subcomisario Juan Carlos Klodczyk, asesinado en Remedios de Escalada en 2011, volvi\u00f3 a reclamar justicia ante la apelaci\u00f3n de absoluci\u00f3n de los hermanos Daniel y Adri\u00e1n Vicente, juzgados en junio pasado por el crimen. El abogado&hellip;<\/p>\n","protected":false},"author":1,"featured_media":0,"comment_status":"open","ping_status":"open","sticky":false,"template":"","format":"standard","meta":{"footnotes":""},"categories":[25],"tags":[147,19640,9474,19641,6975],"class_list":["post-45443","post","type-post","status-publish","format-standard","hentry","category-sociedad","tag-familia","tag-fiscal-marcela-dimundo","tag-juan-carlos-klodczyk","tag-sara-avallay","tag-toc-2"],"_links":{"self":[{"href":"https:\/\/www.elsindical.com.ar\/notas\/wp-json\/wp\/v2\/posts\/45443","targetHints":{"allow":["GET"]}}],"collection":[{"href":"https:\/\/www.elsindical.com.ar\/notas\/wp-json\/wp\/v2\/posts"}],"about":[{"href":"https:\/\/www.elsindical.com.ar\/notas\/wp-json\/wp\/v2\/types\/post"}],"author":[{"embeddable":true,"href":"https:\/\/www.elsindical.com.ar\/notas\/wp-json\/wp\/v2\/users\/1"}],"replies":[{"embeddable":true,"href":"https:\/\/www.elsindical.com.ar\/notas\/wp-json\/wp\/v2\/comments?post=45443"}],"version-history":[{"count":1,"href":"https:\/\/www.elsindical.com.ar\/notas\/wp-json\/wp\/v2\/posts\/45443\/revisions"}],"predecessor-version":[{"id":45444,"href":"https:\/\/www.elsindical.com.ar\/notas\/wp-json\/wp\/v2\/posts\/45443\/revisions\/45444"}],"wp:attachment":[{"href":"https:\/\/www.elsindical.com.ar\/notas\/wp-json\/wp\/v2\/media?parent=45443"}],"wp:term":[{"taxonomy":"category","embeddable":true,"href":"https:\/\/www.elsindical.com.ar\/notas\/wp-json\/wp\/v2\/categories?post=45443"},{"taxonomy":"post_tag","embeddable":true,"href":"https:\/\/www.elsindical.com.ar\/notas\/wp-json\/wp\/v2\/tags?post=45443"}],"curies":[{"name":"wp","href":"https:\/\/api.w.org\/{rel}","templated":true}]}}