{"id":45393,"date":"2014-09-13T10:50:44","date_gmt":"2014-09-13T13:50:44","guid":{"rendered":"http:\/\/www.elsindical.com.ar\/notas\/?p=45393"},"modified":"2014-09-13T10:52:15","modified_gmt":"2014-09-13T13:52:15","slug":"nuevo-y-doloroso-testimonio-de-una-madre-contra-la-clinica-nuestra-senora-de-la-dulce-espera","status":"publish","type":"post","link":"https:\/\/www.elsindical.com.ar\/notas\/nuevo-y-doloroso-testimonio-de-una-madre-contra-la-clinica-nuestra-senora-de-la-dulce-espera\/","title":{"rendered":"Nuevo y doloroso testimonio de una madre contra la Cl\u00ednica Nuestra Se\u00f1ora de la Dulce Espera"},"content":{"rendered":"<p><a href=\"http:\/\/www.elsindical.com.ar\/notas\/var\/www\/html\/notas\/wp-content\/uploads\/2014\/09\/recetas-Nuestra-Se\u00f1ora-de-l.jpg\"><img loading=\"lazy\" decoding=\"async\" class=\"alignnone size-medium wp-image-45394\" src=\"http:\/\/www.elsindical.com.ar\/notas\/var\/www\/html\/notas\/wp-content\/uploads\/2014\/09\/recetas-Nuestra-Se\u00f1ora-de-l-300x182.jpg\" alt=\"recetas-Nuestra-Se\u00f1ora-de-l\" width=\"300\" height=\"182\" srcset=\"https:\/\/www.elsindical.com.ar\/notas\/var\/www\/html\/notas\/wp-content\/uploads\/2014\/09\/recetas-Nuestra-Se\u00f1ora-de-l-300x182.jpg 300w, https:\/\/www.elsindical.com.ar\/notas\/var\/www\/html\/notas\/wp-content\/uploads\/2014\/09\/recetas-Nuestra-Se\u00f1ora-de-l-492x300.jpg 492w, https:\/\/www.elsindical.com.ar\/notas\/var\/www\/html\/notas\/wp-content\/uploads\/2014\/09\/recetas-Nuestra-Se\u00f1ora-de-l.jpg 620w\" sizes=\"auto, (max-width: 300px) 100vw, 300px\" \/><\/a>Un nuevo y duro testimonio de una madre contando las irregularidades y el maltrato que sufrieron ella y quien en vida fuera Sol, su joven hija de 18 a\u00f1os, que fue v\u00edctima de la mala praxis m\u00e9dica y la ambici\u00f3n de m\u00e9dicos que no reparan en hacer las preguntas m\u00ednimas de rigor, con un grado de irresponsabilidad criminal, que ellos suelen llamar \u00abcomplicaci\u00f3n\u00bb.<\/p>\n<p>Laura mam\u00e1 de Sol Jezabel Tejada, no es solo un testimonio m\u00e1s, sino que junto a la documentaci\u00f3n que ella posee, y que aportar\u00e1 a la justicia para investigar las irregularidades de esta cl\u00ednica, que ha contado con la indiferencia del Colegio de M\u00e9dicos local, al que nuestro medio concurri\u00f3 y deslindaron responsabilidades cargando el control y sanciones a la cl\u00ednica en el Ministerio de Salud bonaerense, el mismo ministerio que con una funcionaria impresentable por la liviandad con la que asegur\u00f3 que la cl\u00ednica est\u00e1 habilitada y todo funciona correctamente, Silvia Caballero, Subsecretaria de control sanitario y salud, deber\u00eda explicar si funcionar correctamente es que los m\u00e9dicos dejen sus sellos y estos sean utilizados por empleados administrativos, enfermeros y obst\u00e9tricos para dar recetas o solicitar estudios, algo que se dec\u00eda y mucho pero nadie investig\u00f3, hoy en exclusiva tenemos material que prueba esta modalidad y lo publicamos en esta nota para desmentir a la cl\u00ednica y al medio En La Mira que pretende defender lo indefendible, descalificando el genuino reclamos no solo de madres de beb\u00e9s, en esa cl\u00ednica se\u00f1ores, se han muerto muchas madres tambi\u00e9n, madres que ingresaron sanas, sin problemas, como el caso de la empleada municipal Flavia que iba por su quinto parto y muri\u00f3 en esa cl\u00ednica y a\u00fan hoy su familia espera la resoluci\u00f3n judicial en una causa que tanto cl\u00ednica como el sindicato de empleados municipales de Avellaneda, no ahorraron en chicanas jur\u00eddicas para demorar el expediente y llegar a una prescripci\u00f3n de la causa.<\/p>\n<p>Desde este multimedios agradecemos la confianza de las familias y todo su afecto, seguiremos investigando y reclamando a las autoridades que cumplan con su trabajo, que se dejen de dilatar las cosas y muestren esas inspecciones que\u00a0dicen se han realizado.<br \/>\n<iframe loading=\"lazy\" src=\"\/\/www.youtube.com\/embed\/Z0COPuDF9hY\" width=\"580\" height=\"420\" frameborder=\"0\" allowfullscreen=\"allowfullscreen\"><\/iframe><\/p>\n<p>&nbsp;<\/p>\n<p><em><strong>Por Marcelo Ricardo Hawrylciw<\/strong><\/em><\/p>\n","protected":false},"excerpt":{"rendered":"<p>Un nuevo y duro testimonio de una madre contando las irregularidades y el maltrato que sufrieron ella y quien en vida fuera Sol, su joven hija de 18 a\u00f1os, que fue v\u00edctima de la mala praxis m\u00e9dica y la ambici\u00f3n de m\u00e9dicos que no reparan en hacer las preguntas m\u00ednimas de rigor, con un grado&hellip;<\/p>\n","protected":false},"author":1,"featured_media":0,"comment_status":"open","ping_status":"open","sticky":false,"template":"","format":"standard","meta":{"footnotes":""},"categories":[25],"tags":[461,19402,19620,2330,19619],"class_list":["post-45393","post","type-post","status-publish","format-standard","hentry","category-sociedad","tag-avellaneda","tag-clinica-de-nuestra-senora-de-la-dulce-espera","tag-laura-ibanez","tag-sarandi","tag-sol-tejada"],"_links":{"self":[{"href":"https:\/\/www.elsindical.com.ar\/notas\/wp-json\/wp\/v2\/posts\/45393","targetHints":{"allow":["GET"]}}],"collection":[{"href":"https:\/\/www.elsindical.com.ar\/notas\/wp-json\/wp\/v2\/posts"}],"about":[{"href":"https:\/\/www.elsindical.com.ar\/notas\/wp-json\/wp\/v2\/types\/post"}],"author":[{"embeddable":true,"href":"https:\/\/www.elsindical.com.ar\/notas\/wp-json\/wp\/v2\/users\/1"}],"replies":[{"embeddable":true,"href":"https:\/\/www.elsindical.com.ar\/notas\/wp-json\/wp\/v2\/comments?post=45393"}],"version-history":[{"count":2,"href":"https:\/\/www.elsindical.com.ar\/notas\/wp-json\/wp\/v2\/posts\/45393\/revisions"}],"predecessor-version":[{"id":45396,"href":"https:\/\/www.elsindical.com.ar\/notas\/wp-json\/wp\/v2\/posts\/45393\/revisions\/45396"}],"wp:attachment":[{"href":"https:\/\/www.elsindical.com.ar\/notas\/wp-json\/wp\/v2\/media?parent=45393"}],"wp:term":[{"taxonomy":"category","embeddable":true,"href":"https:\/\/www.elsindical.com.ar\/notas\/wp-json\/wp\/v2\/categories?post=45393"},{"taxonomy":"post_tag","embeddable":true,"href":"https:\/\/www.elsindical.com.ar\/notas\/wp-json\/wp\/v2\/tags?post=45393"}],"curies":[{"name":"wp","href":"https:\/\/api.w.org\/{rel}","templated":true}]}}