{"id":45349,"date":"2014-09-10T20:01:34","date_gmt":"2014-09-10T23:01:34","guid":{"rendered":"http:\/\/www.elsindical.com.ar\/notas\/?p=45349"},"modified":"2024-01-30T11:35:07","modified_gmt":"2024-01-30T14:35:07","slug":"clinica-nuestra-senora-de-la-dulce-espera-se-termino-la-impunidad","status":"publish","type":"post","link":"https:\/\/www.elsindical.com.ar\/notas\/clinica-nuestra-senora-de-la-dulce-espera-se-termino-la-impunidad\/","title":{"rendered":"Cl\u00ednica Nuestra Se\u00f1ora de la Dulce Espera, se termin\u00f3 la impunidad"},"content":{"rendered":"<p><a href=\"http:\/\/www.elsindical.com.ar\/notas\/var\/www\/html\/notas\/wp-content\/uploads\/2014\/09\/P1420802.jpg\"><img loading=\"lazy\" decoding=\"async\" class=\"alignnone size-medium wp-image-45350\" src=\"http:\/\/www.elsindical.com.ar\/notas\/var\/www\/html\/notas\/wp-content\/uploads\/2014\/09\/P1420802-300x225.jpg\" alt=\"P1420802\" width=\"300\" height=\"225\" srcset=\"https:\/\/www.elsindical.com.ar\/notas\/var\/www\/html\/notas\/wp-content\/uploads\/2014\/09\/P1420802-300x225.jpg 300w, https:\/\/www.elsindical.com.ar\/notas\/var\/www\/html\/notas\/wp-content\/uploads\/2014\/09\/P1420802-400x300.jpg 400w, https:\/\/www.elsindical.com.ar\/notas\/var\/www\/html\/notas\/wp-content\/uploads\/2014\/09\/P1420802.jpg 620w\" sizes=\"auto, (max-width: 300px) 100vw, 300px\" \/><\/a> Luego de muchos a\u00f1os de silencio, de una impunidad que hoy los grandes periodistas dicen no poder comprender, mientras los pol\u00edticos no tienen una respuesta satisfactoria para explicar c\u00f3mo pudo funcionar durante casi 20 a\u00f1os una cl\u00ednica con tantas denuncias e irregularidades. Porque todos hablan de lo que se hizo o hace ahora, pero olvidan que han pasado muchas vidas y reclamos por las instalaciones de la hoy denominada \u00abCl\u00ednica del Terror\u00bb.<\/p>\n<p>Hoy, 10 de septiembre del 2014, bien temprano comenzaron a llegar los medios \u00abgrandes\u00bb, esos que amplifican los reclamos y que marcan la diferencia cuando existe disparidad de condiciones entre las autoridades y due\u00f1os de la cl\u00ednica y las familias, en su mayor\u00eda de bajos recursos, ya que la cl\u00ednica hizo su imperio y monopolio en Avellaneda con los aportes de las obras sociales y sindicatos, para ir sumando luego a las obras sociales que desde hace tiempo buscan abaratar los costos de sus prestadores sin importarles la calidad en la atenci\u00f3n de sus asociados.<\/p>\n<p>La lucha diaria de las familias, y el emblema de madre que representa Antonela, mam\u00e1 de Noah, tuvo sus resultados, los medios giraron su vista y c\u00e1maras a las familias, no los dejaron solos, pero la cl\u00ednica, con la complicidad de algunos funcionarios, pol\u00edticos y seudoperiodista local, r\u00e1pidos de reflejos sacaron un comunicado de prensa que repartieron entre los medios presentes en el cual se victimizan, y tratan de desvirtuar las denuncias aduciendo que se trata de un hecho pol\u00edtico, acusando a una concejal (no la nombran pero se sabe que es la concejal Ver\u00f3nica Ju\u00e1rez), secundada por un periodista (no me nombran pero soy yo) del medio local de segunda l\u00ednea, diario El Sindical, imput\u00e1ndonos lucrar con el dolor y la vida de los beb\u00e9s, ser\u00e1 una especie de proyectar en el otro?.<\/p>\n<p>Es obvio que no se puede responder a un comunicado que los medios dieron por falso en pocas horas al investigar un poco y comprobar la falsedad del contenido del mismo, ya que se menciona un solo fallecimiento de un beb\u00e9, en este caso se puntualiza a Noah y se intenta despegar las m\u00e1s de 100 denuncias. Es serio un comunicado sin firma alguna y que dice exelente en lugar de excelente?.<\/p>\n<p>La difusi\u00f3n de todos los medios gr\u00e1ficos, televisivos y radiales permiti\u00f3 que se conocieran nuevos casos de mala atenci\u00f3n y muertes, ya no pueden tapar la verdad, no hay dinero, influencia o difamaci\u00f3n que pueda ocultar el dolor y los reclamos de justicia.<\/p>\n<p>Estoy orgulloso de estas madres que dejaron una lecci\u00f3n de b\u00fasqueda de justicia, sin violencia, que no se dejaron influenciar por idiotas que buscan r\u00e9dito o pol\u00edtica en el dolor, son gente digna, un ejemplo entre tanta mugre diaria que uno ve, han trabajado y buscado la verdad y hoy lo hicieron conocer al mundo, ustedes, los mercaderes de la muerte, los indignos, los que vivir\u00e1n sabiendo que una sociedad entera los repudi\u00f3, no son nada.<\/p>\n<p>Seguiremos acompa\u00f1ando a estas leonas, que no reciben indicaciones de nadie, que se gu\u00edan por el amor y lo que les dicta su coraz\u00f3n, y tal vez como Borges podr\u00edamos decir que \u00abno nos une el amor, sino el espanto.\u00bb<\/p>\n<p><a href=\"http:\/\/www.elsindical.com.ar\/notas\/var\/www\/html\/notas\/wp-content\/uploads\/2014\/09\/comunicado-cl\u00ednica-Sarand\u00ed.jpg\"><img loading=\"lazy\" decoding=\"async\" class=\"size-medium wp-image-45351 aligncenter\" src=\"http:\/\/www.elsindical.com.ar\/notas\/var\/www\/html\/notas\/wp-content\/uploads\/2014\/09\/comunicado-cl\u00ednica-Sarand\u00ed-250x300.jpg\" alt=\"comunicado-cl\u00ednica-Sarand\u00ed\" width=\"250\" height=\"300\" srcset=\"https:\/\/www.elsindical.com.ar\/notas\/var\/www\/html\/notas\/wp-content\/uploads\/2014\/09\/comunicado-cl\u00ednica-Sarand\u00ed-250x300.jpg 250w, https:\/\/www.elsindical.com.ar\/notas\/var\/www\/html\/notas\/wp-content\/uploads\/2014\/09\/comunicado-cl\u00ednica-Sarand\u00ed.jpg 738w\" sizes=\"auto, (max-width: 250px) 100vw, 250px\" \/><\/a><\/p>\n<p>&nbsp;<\/p>\n<p>&nbsp;<\/p>\n<p><em><strong>Por Marcelo Ricardo Hawrylciw<\/strong><\/em><\/p>\n","protected":false},"excerpt":{"rendered":"<p>Luego de muchos a\u00f1os de silencio, de una impunidad que hoy los grandes periodistas dicen no poder comprender, mientras los pol\u00edticos no tienen una respuesta satisfactoria para explicar c\u00f3mo pudo funcionar durante casi 20 a\u00f1os una cl\u00ednica con tantas denuncias e irregularidades. Porque todos hablan de lo que se hizo o hace ahora, pero olvidan&hellip;<\/p>\n","protected":false},"author":1,"featured_media":0,"comment_status":"open","ping_status":"open","sticky":false,"template":"","format":"standard","meta":{"footnotes":""},"categories":[10],"tags":[5499,19603,19417,22020,2330],"class_list":["post-45349","post","type-post","status-publish","format-standard","hentry","category-editorial","tag-bebes","tag-borges","tag-clinica-nuestra-senora-de-la-dulce-espera","tag-denuncias","tag-sarandi"],"_links":{"self":[{"href":"https:\/\/www.elsindical.com.ar\/notas\/wp-json\/wp\/v2\/posts\/45349","targetHints":{"allow":["GET"]}}],"collection":[{"href":"https:\/\/www.elsindical.com.ar\/notas\/wp-json\/wp\/v2\/posts"}],"about":[{"href":"https:\/\/www.elsindical.com.ar\/notas\/wp-json\/wp\/v2\/types\/post"}],"author":[{"embeddable":true,"href":"https:\/\/www.elsindical.com.ar\/notas\/wp-json\/wp\/v2\/users\/1"}],"replies":[{"embeddable":true,"href":"https:\/\/www.elsindical.com.ar\/notas\/wp-json\/wp\/v2\/comments?post=45349"}],"version-history":[{"count":2,"href":"https:\/\/www.elsindical.com.ar\/notas\/wp-json\/wp\/v2\/posts\/45349\/revisions"}],"predecessor-version":[{"id":45353,"href":"https:\/\/www.elsindical.com.ar\/notas\/wp-json\/wp\/v2\/posts\/45349\/revisions\/45353"}],"wp:attachment":[{"href":"https:\/\/www.elsindical.com.ar\/notas\/wp-json\/wp\/v2\/media?parent=45349"}],"wp:term":[{"taxonomy":"category","embeddable":true,"href":"https:\/\/www.elsindical.com.ar\/notas\/wp-json\/wp\/v2\/categories?post=45349"},{"taxonomy":"post_tag","embeddable":true,"href":"https:\/\/www.elsindical.com.ar\/notas\/wp-json\/wp\/v2\/tags?post=45349"}],"curies":[{"name":"wp","href":"https:\/\/api.w.org\/{rel}","templated":true}]}}