{"id":45344,"date":"2014-09-10T13:30:35","date_gmt":"2014-09-10T16:30:35","guid":{"rendered":"http:\/\/www.elsindical.com.ar\/notas\/?p=45344"},"modified":"2014-09-10T13:30:35","modified_gmt":"2014-09-10T16:30:35","slug":"ola-de-robos-a-colectivos-en-el-conurbano-bonaerense","status":"publish","type":"post","link":"https:\/\/www.elsindical.com.ar\/notas\/ola-de-robos-a-colectivos-en-el-conurbano-bonaerense\/","title":{"rendered":"Ola de robos a colectivos en el conurbano bonaerense"},"content":{"rendered":"<p><em><a href=\"http:\/\/www.elsindical.com.ar\/notas\/var\/www\/html\/notas\/wp-content\/uploads\/2014\/09\/L\u00ednea-colectivo-620.jpg\"><img loading=\"lazy\" decoding=\"async\" class=\"alignnone size-medium wp-image-45345\" src=\"http:\/\/www.elsindical.com.ar\/notas\/var\/www\/html\/notas\/wp-content\/uploads\/2014\/09\/L\u00ednea-colectivo-620-300x168.jpg\" alt=\"L\u00ednea-colectivo-620\" width=\"300\" height=\"168\" srcset=\"https:\/\/www.elsindical.com.ar\/notas\/var\/www\/html\/notas\/wp-content\/uploads\/2014\/09\/L\u00ednea-colectivo-620-300x168.jpg 300w, https:\/\/www.elsindical.com.ar\/notas\/var\/www\/html\/notas\/wp-content\/uploads\/2014\/09\/L\u00ednea-colectivo-620.jpg 443w\" sizes=\"auto, (max-width: 300px) 100vw, 300px\" \/><\/a>Cada vez con mayor frecuencia se registran robos en varias l\u00edneas de colectivos mientras cumplen con su recorrido. Son ejecutados con extrema violencia, en muy pocos minutos y en cualquier hora del d\u00eda. <b>Cada tres minutos un pasajero es asaltado<\/b>.<\/em><\/p>\n<p>El incremento de los asaltos en los distintos colectivos que recorren las calles y avenidas del Conurbano se aceler\u00f3 durante este a\u00f1o. Con varios hechos registrados en los \u00faltimos meses, los robos se convirtieron en moneda corriente y pr\u00e1cticamente no son denunciados por las v\u00edctimas. <b>Esta modalidad, conocida como los \u00abbondichorros\u00bb, ya genera alarma entre choferes y usuarios del servicio<\/b>.<\/p>\n<div><\/div>\n<div>Se trata de hechos registrados en cualquier momento del d\u00eda y efectuados con extrema violencia, pero fundamentalmente cometidos en pocos minutos. Un delegado de la l\u00ednea 620, que opera en La Matanza, se\u00f1al\u00f3 a <i>Diario Popular <\/i>que los \u00abbondichorros\u00bb <b>\u00abrepresentan un problem\u00f3n para todos, los choferes y pasajeros, pero ya es algo absolutamente natural, porque ocurre de manera permanente, en cualquier momento de la jornada y se mueven con total impunidad<\/b>\u00ab.<\/div>\n<div><\/div>\n<div>Hace dos d\u00edas, en el interior de un colectivo de la l\u00ednea 406, que se dirig\u00eda a Ciudad Evita por el Camino de Cintura, subieron dos delincuentes armados con cuchillos, y en medio de amenazas asaltaron a los pasajeros, llev\u00e1ndose dinero, celulares y otras pertenencias.<\/div>\n<div><\/div>\n<div>\u00abMi hija adolescente volv\u00eda a casa desde el shopping de San Justo con una amiga. Tomaron un interno de la l\u00ednea 406, cuando dos pibes subieron y sacaron cuchillos. Amenazaron al chofer y a los pasajeros. Ah\u00ed empezaron a robar las pertenencias y luego se bajaron con toda normalidad. Todos quedaron asustados y angustiados. El robo dur\u00f3 poco m\u00e1s de un minuto, y se bajaron\u00bb, relat\u00f3 al diario la madre de una v\u00edctima del robo.<\/div>\n<div><\/div>\n<div>La <b>Comisi\u00f3n Nacional de V\u00edctimas del Transporte P\u00fablico<\/b> realiz\u00f3 un informe donde se revel\u00f3 que los usuarios de colectivos son v\u00edctimas de un robo cada 3 minutos. \u00abLo que se observa en nuestro relevamiento es que la mayor\u00eda de los episodios con robos son bajo amenazas de utilizaci\u00f3n de armas\u00bb, dijo el titular de la entidad.<\/div>\n<div><\/div>\n<div>Luis Viscat, un experto en seguridad, destac\u00f3 que una caracter\u00edstica de estos hechos es que casi no se denuncian, a\u00fan cuando hay amenazas con armas y golpes. \u00abSe reiteran con una frecuencia muy preocupante, y se debe saber que pueden ser episodios que terminan con gente herida o directamente asesinada\u00bb, precis\u00f3.<\/div>\n<div><\/div>\n<div>Sostuvo que \u00abcon el panorama actual, las posibilidades de resolver esta problem\u00e1tica es casi nula, aunque hay varios proyectos para dotar de mayor seguridad a las unidades, pero impactan contra la realidad que significa no poder contar en cada unidad con personal policial\u00bb.<\/div>\n<div><\/div>\n<div>En tanto, el delegado de la l\u00ednea 620 dijo: \u00abHay compa\u00f1eros choferes que renunciaron al trabajo luego de experiencias muy traum\u00e1ticas con delincuentes, porque la realidad es que el colectivero que maneja el interno al momento del robo es el primero al que intentan neutralizar, generalmente a golpes, entonces las secuelas psicol\u00f3gicas son devastadoras\u00bb.<\/div>\n","protected":false},"excerpt":{"rendered":"<p>Cada vez con mayor frecuencia se registran robos en varias l\u00edneas de colectivos mientras cumplen con su recorrido. Son ejecutados con extrema violencia, en muy pocos minutos y en cualquier hora del d\u00eda. Cada tres minutos un pasajero es asaltado. El incremento de los asaltos en los distintos colectivos que recorren las calles y avenidas&hellip;<\/p>\n","protected":false},"author":1,"featured_media":0,"comment_status":"open","ping_status":"open","sticky":false,"template":"","format":"standard","meta":{"footnotes":""},"categories":[22],"tags":[4186,5274,402,1174],"class_list":["post-45344","post","type-post","status-publish","format-standard","hentry","category-policiales","tag-colectivos","tag-conurbano","tag-pasajeros","tag-robos"],"_links":{"self":[{"href":"https:\/\/www.elsindical.com.ar\/notas\/wp-json\/wp\/v2\/posts\/45344","targetHints":{"allow":["GET"]}}],"collection":[{"href":"https:\/\/www.elsindical.com.ar\/notas\/wp-json\/wp\/v2\/posts"}],"about":[{"href":"https:\/\/www.elsindical.com.ar\/notas\/wp-json\/wp\/v2\/types\/post"}],"author":[{"embeddable":true,"href":"https:\/\/www.elsindical.com.ar\/notas\/wp-json\/wp\/v2\/users\/1"}],"replies":[{"embeddable":true,"href":"https:\/\/www.elsindical.com.ar\/notas\/wp-json\/wp\/v2\/comments?post=45344"}],"version-history":[{"count":1,"href":"https:\/\/www.elsindical.com.ar\/notas\/wp-json\/wp\/v2\/posts\/45344\/revisions"}],"predecessor-version":[{"id":45346,"href":"https:\/\/www.elsindical.com.ar\/notas\/wp-json\/wp\/v2\/posts\/45344\/revisions\/45346"}],"wp:attachment":[{"href":"https:\/\/www.elsindical.com.ar\/notas\/wp-json\/wp\/v2\/media?parent=45344"}],"wp:term":[{"taxonomy":"category","embeddable":true,"href":"https:\/\/www.elsindical.com.ar\/notas\/wp-json\/wp\/v2\/categories?post=45344"},{"taxonomy":"post_tag","embeddable":true,"href":"https:\/\/www.elsindical.com.ar\/notas\/wp-json\/wp\/v2\/tags?post=45344"}],"curies":[{"name":"wp","href":"https:\/\/api.w.org\/{rel}","templated":true}]}}