{"id":45329,"date":"2014-09-09T01:38:18","date_gmt":"2014-09-09T04:38:18","guid":{"rendered":"http:\/\/www.elsindical.com.ar\/notas\/?p=45329"},"modified":"2014-09-09T01:38:18","modified_gmt":"2014-09-09T04:38:18","slug":"jornada-sobre-ciberacoso-y-convivencia-escolar-en-la-plata","status":"publish","type":"post","link":"https:\/\/www.elsindical.com.ar\/notas\/jornada-sobre-ciberacoso-y-convivencia-escolar-en-la-plata\/","title":{"rendered":"Jornada sobre ciberacoso y convivencia escolar en La Plata"},"content":{"rendered":"<p><em><a href=\"http:\/\/www.elsindical.com.ar\/notas\/var\/www\/html\/notas\/wp-content\/uploads\/2014\/06\/ciberbullying.jpg\"><img loading=\"lazy\" decoding=\"async\" class=\"alignnone size-medium wp-image-42992\" src=\"http:\/\/www.elsindical.com.ar\/notas\/var\/www\/html\/notas\/wp-content\/uploads\/2014\/06\/ciberbullying-300x157.jpg\" alt=\"ciberbullying\" width=\"300\" height=\"157\" srcset=\"https:\/\/www.elsindical.com.ar\/notas\/var\/www\/html\/notas\/wp-content\/uploads\/2014\/06\/ciberbullying-300x157.jpg 300w, https:\/\/www.elsindical.com.ar\/notas\/var\/www\/html\/notas\/wp-content\/uploads\/2014\/06\/ciberbullying-500x261.jpg 500w, https:\/\/www.elsindical.com.ar\/notas\/var\/www\/html\/notas\/wp-content\/uploads\/2014\/06\/ciberbullying.jpg 502w\" sizes=\"auto, (max-width: 300px) 100vw, 300px\" \/><\/a>Se tratar\u00e1n estrategias para prevenir y actuar frente a casos de ciberacoso escolar y promover la discusi\u00f3n sobre la convivencia en redes sociales se realizar\u00e1 este martes, inform\u00f3 la Defensor\u00eda del Pueblo de la provincia de Buenos Aires.<\/em><\/p>\n<p>La jornada se llevar\u00e1 a cabo en el aula Dardo Rocha del Rectorado de la Universidad Nacional de La Plata, ubicado en el 776 de la calle 7 de la capital provincial y las exposiciones estar\u00e1n a cargo del equipo del Programa Nacional \u201cCon vos en la Web\u201d, de la Direcci\u00f3n Nacional de Protecci\u00f3n de Datos Personales dependiente del Ministerio de Justicia y Derechos Humanos de la Naci\u00f3n.<\/p>\n<p>Los organizadores del encuentro detallaron en un comunicado que la charla \u201capunta a crear consenso sobre la manera de abordar esta problem\u00e1tica que afecta a ni\u00f1os y adolescentes\u201d.<\/p>\n<p>\u00abAnte el avance del uso de las redes sociales y los peligros que implica la presencia de los ni\u00f1os frente a la web, la iniciativa de la Defensor\u00eda est\u00e1 orientada a crear canales de di\u00e1logo con quienes trabajan en el \u00e1mbito escolar y todos aquellos que est\u00e1n abocados a la protecci\u00f3n de los derechos de los ni\u00f1os, ni\u00f1as y adolescentes y a la creaci\u00f3n de pol\u00edticas de convivencia\u201d, explicaron.<\/p>\n<p>Los temas que proponen est\u00e1n vinculados a c\u00f3mo deben actuar los adultos frente al ciberacoso escolar, la protecci\u00f3n de datos personales al momento de utilizar cualquier red social, las configuraciones de privacidad y los derechos de cada usuario.<\/p>\n","protected":false},"excerpt":{"rendered":"<p>Se tratar\u00e1n estrategias para prevenir y actuar frente a casos de ciberacoso escolar y promover la discusi\u00f3n sobre la convivencia en redes sociales se realizar\u00e1 este martes, inform\u00f3 la Defensor\u00eda del Pueblo de la provincia de Buenos Aires. La jornada se llevar\u00e1 a cabo en el aula Dardo Rocha del Rectorado de la Universidad Nacional&hellip;<\/p>\n","protected":false},"author":1,"featured_media":0,"comment_status":"open","ping_status":"open","sticky":false,"template":"","format":"standard","meta":{"footnotes":""},"categories":[25],"tags":[154,5824,239,1258],"class_list":["post-45329","post","type-post","status-publish","format-standard","hentry","category-sociedad","tag-buenos-aires","tag-defensoria-del-pueblo","tag-la-plata","tag-web"],"_links":{"self":[{"href":"https:\/\/www.elsindical.com.ar\/notas\/wp-json\/wp\/v2\/posts\/45329","targetHints":{"allow":["GET"]}}],"collection":[{"href":"https:\/\/www.elsindical.com.ar\/notas\/wp-json\/wp\/v2\/posts"}],"about":[{"href":"https:\/\/www.elsindical.com.ar\/notas\/wp-json\/wp\/v2\/types\/post"}],"author":[{"embeddable":true,"href":"https:\/\/www.elsindical.com.ar\/notas\/wp-json\/wp\/v2\/users\/1"}],"replies":[{"embeddable":true,"href":"https:\/\/www.elsindical.com.ar\/notas\/wp-json\/wp\/v2\/comments?post=45329"}],"version-history":[{"count":1,"href":"https:\/\/www.elsindical.com.ar\/notas\/wp-json\/wp\/v2\/posts\/45329\/revisions"}],"predecessor-version":[{"id":45330,"href":"https:\/\/www.elsindical.com.ar\/notas\/wp-json\/wp\/v2\/posts\/45329\/revisions\/45330"}],"wp:attachment":[{"href":"https:\/\/www.elsindical.com.ar\/notas\/wp-json\/wp\/v2\/media?parent=45329"}],"wp:term":[{"taxonomy":"category","embeddable":true,"href":"https:\/\/www.elsindical.com.ar\/notas\/wp-json\/wp\/v2\/categories?post=45329"},{"taxonomy":"post_tag","embeddable":true,"href":"https:\/\/www.elsindical.com.ar\/notas\/wp-json\/wp\/v2\/tags?post=45329"}],"curies":[{"name":"wp","href":"https:\/\/api.w.org\/{rel}","templated":true}]}}