{"id":45312,"date":"2014-09-08T16:00:15","date_gmt":"2014-09-08T19:00:15","guid":{"rendered":"http:\/\/www.elsindical.com.ar\/notas\/?p=45312"},"modified":"2014-09-08T16:00:15","modified_gmt":"2014-09-08T19:00:15","slug":"ex-campeon-de-boxeo-buscado-por-la-justicia","status":"publish","type":"post","link":"https:\/\/www.elsindical.com.ar\/notas\/ex-campeon-de-boxeo-buscado-por-la-justicia\/","title":{"rendered":"Ex campe\u00f3n de boxeo, buscado por la Justicia"},"content":{"rendered":"<p><em><a href=\"http:\/\/www.elsindical.com.ar\/notas\/var\/www\/html\/notas\/wp-content\/uploads\/2014\/09\/Walter-Dar\u00edo-Matteoni.jpg\"><img loading=\"lazy\" decoding=\"async\" class=\"alignnone size-medium wp-image-45313\" src=\"http:\/\/www.elsindical.com.ar\/notas\/var\/www\/html\/notas\/wp-content\/uploads\/2014\/09\/Walter-Dar\u00edo-Matteoni-300x168.jpg\" alt=\"Walter-Dar\u00edo-Matteoni\" width=\"300\" height=\"168\" srcset=\"https:\/\/www.elsindical.com.ar\/notas\/var\/www\/html\/notas\/wp-content\/uploads\/2014\/09\/Walter-Dar\u00edo-Matteoni-300x168.jpg 300w, https:\/\/www.elsindical.com.ar\/notas\/var\/www\/html\/notas\/wp-content\/uploads\/2014\/09\/Walter-Dar\u00edo-Matteoni-500x281.jpg 500w, https:\/\/www.elsindical.com.ar\/notas\/var\/www\/html\/notas\/wp-content\/uploads\/2014\/09\/Walter-Dar\u00edo-Matteoni.jpg 531w\" sizes=\"auto, (max-width: 300px) 100vw, 300px\" \/><\/a>Se trata de Walter Dar\u00edo Matteoni, ex campe\u00f3n mediopesado, quien est\u00e1 acusado de encubrir un asesinato ocurrido el 23 de agosto pasado en Col\u00f3n, provincia de Buenos Aires. El y el presunto asesino est\u00e1n pr\u00f3fugos.<\/em><\/p>\n<p>Su nombre y apellido hab\u00eda salido a la luz all\u00e1 por el a\u00f1o 2000. El t\u00edtulo dec\u00eda que un<strong>\u00a0ex pupilo de Carlos Monz\u00f3n ganaba el campeonato mediopesado de la Uni\u00f3n Mundial de Boxeo (UMB) con casi 40 a\u00f1os.<\/strong><\/p>\n<p>Ahora vuelve a escucharse su nombre y apellido, aunque por una cuesti\u00f3n definitivamente compleja. Se trata de <strong>Walter Dar\u00edo Matteoni, de 54 a\u00f1os, quien est\u00e1 imputado por encubrir a Jonatan D&#8217;angelis, acusado de asesinar a Joaquin Michelangelo el 23 de agosto de este a\u00f1o en Col\u00f3n<\/strong>, provincia de Buenos Aires.<\/p>\n<p>Seg\u00fan el reporte de la Justicia, tras el hecho, D&#8217;angelis se dio a la fuga con su pareja, que es la hija de la actual pareja de Dar\u00edo Matteoni. Luego, en alg\u00fan momento de la fuga abandonaron el auto en la localidad de Salto, tomaron un remis hacia Buenos Aires, y en el trayecto dejaron el auto de alquiler para subirse al veh\u00edculo de <strong>Matteoni, quien los traslad\u00f3 hacia la localidad de Tigre<\/strong>, en la Provincia de Buenos Aires.<\/p>\n<p>Esto pudo acreditarse en sede Judicial y a partir de all\u00ed se dispuso un allanamiento en el domicilio del ex boxeador en Tigre. No pudo hallarse al pr\u00f3fugo D\u00e1ngelis, pero s\u00ed pudieron lograrse m\u00e1s testimoniales que complicaron la situaci\u00f3n de Matteoni, determinando una orden de detenci\u00f3n sobre \u00e9l.<\/p>\n<p>La polic\u00eda trabaja intensamente para lograr dar con el paradero de los dos imputados.<\/p>\n<p>Matteoni, en su curr\u00edculum como boxeador, cuenta con <strong>50 peleas y 4 t\u00edtulos de diferentes pesos<\/strong>: Mediano, S\u00faper Mediano, Medio Pesado y Crucero.<\/p>\n","protected":false},"excerpt":{"rendered":"<p>Se trata de Walter Dar\u00edo Matteoni, ex campe\u00f3n mediopesado, quien est\u00e1 acusado de encubrir un asesinato ocurrido el 23 de agosto pasado en Col\u00f3n, provincia de Buenos Aires. El y el presunto asesino est\u00e1n pr\u00f3fugos. Su nombre y apellido hab\u00eda salido a la luz all\u00e1 por el a\u00f1o 2000. El t\u00edtulo dec\u00eda que un\u00a0ex pupilo&hellip;<\/p>\n","protected":false},"author":1,"featured_media":0,"comment_status":"open","ping_status":"open","sticky":false,"template":"","format":"standard","meta":{"footnotes":""},"categories":[22],"tags":[1913,4170,19593,646,19594,19595],"class_list":["post-45312","post","type-post","status-publish","format-standard","hentry","category-policiales","tag-boxeador","tag-colon","tag-jonatan-dangelis","tag-tigre","tag-umb","tag-walter-dario-matteoni"],"_links":{"self":[{"href":"https:\/\/www.elsindical.com.ar\/notas\/wp-json\/wp\/v2\/posts\/45312","targetHints":{"allow":["GET"]}}],"collection":[{"href":"https:\/\/www.elsindical.com.ar\/notas\/wp-json\/wp\/v2\/posts"}],"about":[{"href":"https:\/\/www.elsindical.com.ar\/notas\/wp-json\/wp\/v2\/types\/post"}],"author":[{"embeddable":true,"href":"https:\/\/www.elsindical.com.ar\/notas\/wp-json\/wp\/v2\/users\/1"}],"replies":[{"embeddable":true,"href":"https:\/\/www.elsindical.com.ar\/notas\/wp-json\/wp\/v2\/comments?post=45312"}],"version-history":[{"count":1,"href":"https:\/\/www.elsindical.com.ar\/notas\/wp-json\/wp\/v2\/posts\/45312\/revisions"}],"predecessor-version":[{"id":45314,"href":"https:\/\/www.elsindical.com.ar\/notas\/wp-json\/wp\/v2\/posts\/45312\/revisions\/45314"}],"wp:attachment":[{"href":"https:\/\/www.elsindical.com.ar\/notas\/wp-json\/wp\/v2\/media?parent=45312"}],"wp:term":[{"taxonomy":"category","embeddable":true,"href":"https:\/\/www.elsindical.com.ar\/notas\/wp-json\/wp\/v2\/categories?post=45312"},{"taxonomy":"post_tag","embeddable":true,"href":"https:\/\/www.elsindical.com.ar\/notas\/wp-json\/wp\/v2\/tags?post=45312"}],"curies":[{"name":"wp","href":"https:\/\/api.w.org\/{rel}","templated":true}]}}