{"id":45303,"date":"2014-09-08T15:02:06","date_gmt":"2014-09-08T18:02:06","guid":{"rendered":"http:\/\/www.elsindical.com.ar\/notas\/?p=45303"},"modified":"2014-09-08T15:02:06","modified_gmt":"2014-09-08T18:02:06","slug":"murio-ruben-el-ancho-peucelle-una-de-las-estrellas-de-titanes-en-el-ring","status":"publish","type":"post","link":"https:\/\/www.elsindical.com.ar\/notas\/murio-ruben-el-ancho-peucelle-una-de-las-estrellas-de-titanes-en-el-ring\/","title":{"rendered":"Muri\u00f3 Rub\u00e9n \u00abel Ancho\u00bb Peucelle, una de las estrellas de Titanes en el ring"},"content":{"rendered":"<p><em><a href=\"http:\/\/www.elsindical.com.ar\/notas\/var\/www\/html\/notas\/wp-content\/uploads\/2014\/09\/Rub\u00e9n-Peucelle.jpg\"><img loading=\"lazy\" decoding=\"async\" class=\"alignnone size-medium wp-image-45304\" src=\"http:\/\/www.elsindical.com.ar\/notas\/var\/www\/html\/notas\/wp-content\/uploads\/2014\/09\/Rub\u00e9n-Peucelle-300x199.jpg\" alt=\"Rub\u00e9n-Peucelle\" width=\"300\" height=\"199\" srcset=\"https:\/\/www.elsindical.com.ar\/notas\/var\/www\/html\/notas\/wp-content\/uploads\/2014\/09\/Rub\u00e9n-Peucelle-300x199.jpg 300w, https:\/\/www.elsindical.com.ar\/notas\/var\/www\/html\/notas\/wp-content\/uploads\/2014\/09\/Rub\u00e9n-Peucelle-451x300.jpg 451w, https:\/\/www.elsindical.com.ar\/notas\/var\/www\/html\/notas\/wp-content\/uploads\/2014\/09\/Rub\u00e9n-Peucelle.jpg 620w\" sizes=\"auto, (max-width: 300px) 100vw, 300px\" \/><\/a>El luchador profesional, quien trabaj\u00f3 en televisi\u00f3n y en cine, ten\u00eda 81 a\u00f1os y falleci\u00f3 de un paro cardiorrespiratorio en su casa de Olivos.<\/em><\/p>\n<p>Falleci\u00f3 a los 81 a\u00f1os <b>Rub\u00e9n \u00abel Ancho\u00bb Peucelle,<\/b> un luchador profesional que adquiri\u00f3 gran popularidad por su participaci\u00f3n en el programa <i><b>Titanes en el Ring<\/b><\/i>. La estrellas del ciclo que comandaba Mart\u00edn Karadigi\u00e1n <b>muri\u00f3 de un paro cardiorrespiratorio en su casa de Olivos y fue encontrado por un familiar,<\/b> seg\u00fan informaron a <i>TN <\/i>allegados del entorno del luchador.<\/p>\n<p>En 1963 debut\u00f3 en el exitoso programa de lucha, que se consolid\u00f3 a\u00f1os m\u00e1s tarde. Al respecto, Rub\u00e9n hab\u00eda se\u00f1alado: <b>\u00abLa \u00e9poca dorada vino una d\u00e9cada m\u00e1s tarde. No s\u00e9 si habr\u00e1 sido por la m\u00fasica o qu\u00e9, pero en ese momento explot\u00f3 todo\u00bb.<\/b><\/p>\n<p>Tuvo una interesante carrera tanto en televisi\u00f3n como en cine. En 1962, arranc\u00f3 su carrera en <i>Lucha libre<\/i> de Canal 13, que en ese momento compet\u00eda con<i> Titanes en el ring<\/i> de Canal 9. Tambi\u00e9n particip\u00f3 en el programa <i>Lucha fuerte. En Titanes, <\/i>comparti\u00f3 escenario con personajes muy queridos como la Momia, el Caballero Rojo, Mister Moto, Jos\u00e9 Luis, por mencionar algunos.<\/p>\n<p>En di\u00e1logo con<i> Cr\u00f3nica,<\/i> Jos\u00e9 Luis record\u00f3 con cari\u00f1o a su compa\u00f1ero: <b>\u00abHicimos mucha luchas t\u00e9cnicas en el Luna Park. Nos entend\u00edamos de maravilla&#8230; \u00c9l ten\u00eda fuerza, levantaba a los luchadores y los tiraba fuera de las cuerdas, a la tercera o cuarta fila\u00bb. <\/b>Tambi\u00e9n asegur\u00f3 que \u00abera un pan de Dios\u00bb y que realizaron varios viajes juntos: \u00abViajamos juntos por toda Am\u00e9rica. \u00c9ramos amigos y viaj\u00e1bamos por placer. Me un\u00eda el compa\u00f1erismo. Con el correr del tiempo era una familia\u00bb.<\/p>\n<p>En la pantalla grande, Peucelle actu\u00f3 en diversas pel\u00edculas como<i> Ratas de puerto <\/i>(1963), <i>Titanes en el ring contraataca<\/i> (1984) y <i>Alma m\u00eda<\/i> (1999).<\/p>\n<p><b>Cabe destacar que los restos de Rub\u00e9n \u00abel Ancho\u00bb Peucelle ser\u00e1n velados esta tarde en el Concejo Deliberante de Vicente L\u00f3pez.<\/b><iframe loading=\"lazy\" src=\"\/\/www.youtube.com\/embed\/nr2iWWW8mSU\" width=\"580\" height=\"420\" frameborder=\"0\" allowfullscreen=\"allowfullscreen\"><\/iframe><\/p>\n","protected":false},"excerpt":{"rendered":"<p>El luchador profesional, quien trabaj\u00f3 en televisi\u00f3n y en cine, ten\u00eda 81 a\u00f1os y falleci\u00f3 de un paro cardiorrespiratorio en su casa de Olivos. Falleci\u00f3 a los 81 a\u00f1os Rub\u00e9n \u00abel Ancho\u00bb Peucelle, un luchador profesional que adquiri\u00f3 gran popularidad por su participaci\u00f3n en el programa Titanes en el Ring. La estrellas del ciclo que&hellip;<\/p>\n","protected":false},"author":1,"featured_media":0,"comment_status":"open","ping_status":"open","sticky":false,"template":"","format":"standard","meta":{"footnotes":""},"categories":[15],"tags":[19590,19591],"class_list":["post-45303","post","type-post","status-publish","format-standard","hentry","category-espectaculos","tag-ruben-el-ancho-peucelle","tag-titanes-en-el-ring"],"_links":{"self":[{"href":"https:\/\/www.elsindical.com.ar\/notas\/wp-json\/wp\/v2\/posts\/45303","targetHints":{"allow":["GET"]}}],"collection":[{"href":"https:\/\/www.elsindical.com.ar\/notas\/wp-json\/wp\/v2\/posts"}],"about":[{"href":"https:\/\/www.elsindical.com.ar\/notas\/wp-json\/wp\/v2\/types\/post"}],"author":[{"embeddable":true,"href":"https:\/\/www.elsindical.com.ar\/notas\/wp-json\/wp\/v2\/users\/1"}],"replies":[{"embeddable":true,"href":"https:\/\/www.elsindical.com.ar\/notas\/wp-json\/wp\/v2\/comments?post=45303"}],"version-history":[{"count":1,"href":"https:\/\/www.elsindical.com.ar\/notas\/wp-json\/wp\/v2\/posts\/45303\/revisions"}],"predecessor-version":[{"id":45305,"href":"https:\/\/www.elsindical.com.ar\/notas\/wp-json\/wp\/v2\/posts\/45303\/revisions\/45305"}],"wp:attachment":[{"href":"https:\/\/www.elsindical.com.ar\/notas\/wp-json\/wp\/v2\/media?parent=45303"}],"wp:term":[{"taxonomy":"category","embeddable":true,"href":"https:\/\/www.elsindical.com.ar\/notas\/wp-json\/wp\/v2\/categories?post=45303"},{"taxonomy":"post_tag","embeddable":true,"href":"https:\/\/www.elsindical.com.ar\/notas\/wp-json\/wp\/v2\/tags?post=45303"}],"curies":[{"name":"wp","href":"https:\/\/api.w.org\/{rel}","templated":true}]}}