{"id":45298,"date":"2014-09-08T01:08:18","date_gmt":"2014-09-08T04:08:18","guid":{"rendered":"http:\/\/www.elsindical.com.ar\/notas\/?p=45298"},"modified":"2014-09-08T01:08:18","modified_gmt":"2014-09-08T04:08:18","slug":"avellanedamatan-a-tiros-a-un-joven-en-la-villa-tranquila","status":"publish","type":"post","link":"https:\/\/www.elsindical.com.ar\/notas\/avellanedamatan-a-tiros-a-un-joven-en-la-villa-tranquila\/","title":{"rendered":"Avellaneda:Matan a tiros a un joven en la Villa Tranquila"},"content":{"rendered":"<p><em><a href=\"http:\/\/www.elsindical.com.ar\/notas\/var\/www\/html\/notas\/wp-content\/uploads\/2013\/09\/aguantadero-Villa-Tranquila.jpg\"><img loading=\"lazy\" decoding=\"async\" class=\"alignnone size-medium wp-image-37230\" src=\"http:\/\/www.elsindical.com.ar\/notas\/var\/www\/html\/notas\/wp-content\/uploads\/2013\/09\/aguantadero-Villa-Tranquila-300x225.jpg\" alt=\"aguantadero-Villa-Tranquila\" width=\"300\" height=\"225\" srcset=\"https:\/\/www.elsindical.com.ar\/notas\/var\/www\/html\/notas\/wp-content\/uploads\/2013\/09\/aguantadero-Villa-Tranquila-300x225.jpg 300w, https:\/\/www.elsindical.com.ar\/notas\/var\/www\/html\/notas\/wp-content\/uploads\/2013\/09\/aguantadero-Villa-Tranquila-399x300.jpg 399w, https:\/\/www.elsindical.com.ar\/notas\/var\/www\/html\/notas\/wp-content\/uploads\/2013\/09\/aguantadero-Villa-Tranquila.jpg 531w\" sizes=\"auto, (max-width: 300px) 100vw, 300px\" \/><\/a>Un pibe de 18 a\u00f1os fue asesinado a balazos por un sujeto con el cual se cree que manten\u00eda viejas diferencias. El responsable del crimen escap\u00f3 r\u00e1pidamente y ahora es buscado por los efectivos policiales.\u00a0<\/em><\/p>\n<p>Un joven, de 18 a\u00f1os, fue salvajemente asesinado el s\u00e1bado\u00a0a balazos por un sujeto, que lo agredi\u00f3 en los pasillos de la peligrosa Villa Tranquila, en la localidad bonaerense de Avellaneda. El criminal se dio a la fuga y ahora es buscado intensamente por los pesquisas policiales, quienes descartaron que el suceso haya sido perpetrado con fines de robo, ya que se cree que entre los protagonistas del episodio hab\u00eda viejas diferencias.<\/p>\n<p>Los voceros revelaron que la infortunada v\u00edctima fue identificada como <strong>Claudio \u00c1ngel Mart\u00ednez<\/strong>, de 18 a\u00f1os.<\/p>\n<p>Trascendi\u00f3 que el hecho se produjo a la 01:10 de la v\u00edspera, cuando Mart\u00ednez y el atacante habr\u00edan entablado una violenta reyerta dentro del asentamiento, que est\u00e1 situado en el cruce de Manuel Est\u00e9vez y Mart\u00edn Pinz\u00f3n, en el citado distrito, en el sur del conurbano provincial. De repente el asesino no dud\u00f3 en agredir a disparos a su adversario, quien cay\u00f3 ensangrentado. Mart\u00ednez, quien hab\u00eda sido alcanzado por un proyectil en una ingle, tuvo que ser trasladado de urgencia al Hospital Pedro Fiorito, en Avellaneda, donde finalmente dej\u00f3 de existir como consecuencia de la gravedad de sus heridas.<\/p>\n<p><strong>B\u00fasqueda <\/strong><\/p>\n<p>Por su parte, el responsable del crimen escap\u00f3 r\u00e1pidamente y ahora es buscado por los efectivos policiales de la comisar\u00eda 1\u00aa de Avellaneda. El nombre del autor del il\u00edcito tambi\u00e9n es <strong>Claudio <\/strong>y se dice que tiene antecedentes por <em>\u201clesiones graves\u201d. <\/em><\/p>\n<p>Con respecto a los m\u00f3viles del caso, los investigadores descartaron que Mart\u00ednez haya sido agredido porque se resisti\u00f3 a un asalto. Intervinieron en esta causa, que fue caratulada <em>\u201chomicidio\u201d,<\/em> los integrantes de la Unidad Funcional N\u00ba1 de Avellaneda, dependiente del departamento judicial de Lomas de Zamora.<\/p>\n<p>&nbsp;<\/p>\n","protected":false},"excerpt":{"rendered":"<p>Un pibe de 18 a\u00f1os fue asesinado a balazos por un sujeto con el cual se cree que manten\u00eda viejas diferencias. El responsable del crimen escap\u00f3 r\u00e1pidamente y ahora es buscado por los efectivos policiales.\u00a0 Un joven, de 18 a\u00f1os, fue salvajemente asesinado el s\u00e1bado\u00a0a balazos por un sujeto, que lo agredi\u00f3 en los pasillos&hellip;<\/p>\n","protected":false},"author":1,"featured_media":0,"comment_status":"open","ping_status":"open","sticky":false,"template":"","format":"standard","meta":{"footnotes":""},"categories":[13],"tags":[461,19587,8848,1796],"class_list":["post-45298","post","type-post","status-publish","format-standard","hentry","category-politica","tag-avellaneda","tag-claudio-angel-martinez","tag-comisaria-1ra","tag-villa-tranquila"],"_links":{"self":[{"href":"https:\/\/www.elsindical.com.ar\/notas\/wp-json\/wp\/v2\/posts\/45298","targetHints":{"allow":["GET"]}}],"collection":[{"href":"https:\/\/www.elsindical.com.ar\/notas\/wp-json\/wp\/v2\/posts"}],"about":[{"href":"https:\/\/www.elsindical.com.ar\/notas\/wp-json\/wp\/v2\/types\/post"}],"author":[{"embeddable":true,"href":"https:\/\/www.elsindical.com.ar\/notas\/wp-json\/wp\/v2\/users\/1"}],"replies":[{"embeddable":true,"href":"https:\/\/www.elsindical.com.ar\/notas\/wp-json\/wp\/v2\/comments?post=45298"}],"version-history":[{"count":1,"href":"https:\/\/www.elsindical.com.ar\/notas\/wp-json\/wp\/v2\/posts\/45298\/revisions"}],"predecessor-version":[{"id":45299,"href":"https:\/\/www.elsindical.com.ar\/notas\/wp-json\/wp\/v2\/posts\/45298\/revisions\/45299"}],"wp:attachment":[{"href":"https:\/\/www.elsindical.com.ar\/notas\/wp-json\/wp\/v2\/media?parent=45298"}],"wp:term":[{"taxonomy":"category","embeddable":true,"href":"https:\/\/www.elsindical.com.ar\/notas\/wp-json\/wp\/v2\/categories?post=45298"},{"taxonomy":"post_tag","embeddable":true,"href":"https:\/\/www.elsindical.com.ar\/notas\/wp-json\/wp\/v2\/tags?post=45298"}],"curies":[{"name":"wp","href":"https:\/\/api.w.org\/{rel}","templated":true}]}}