{"id":45250,"date":"2014-09-05T13:02:34","date_gmt":"2014-09-05T16:02:34","guid":{"rendered":"http:\/\/www.elsindical.com.ar\/notas\/?p=45250"},"modified":"2014-09-05T14:23:41","modified_gmt":"2014-09-05T17:23:41","slug":"marcelo-brunwald-el-negociador","status":"publish","type":"post","link":"https:\/\/www.elsindical.com.ar\/notas\/marcelo-brunwald-el-negociador\/","title":{"rendered":"Marcelo Brunwald \u00abel negociador\u00bb"},"content":{"rendered":"<p><a href=\"http:\/\/www.elsindical.com.ar\/notas\/var\/www\/html\/notas\/wp-content\/uploads\/2014\/09\/AFICHE-MARCELO-ESTA-CON-VOS.jpg\"><img loading=\"lazy\" decoding=\"async\" class=\"alignnone size-medium wp-image-45252\" src=\"http:\/\/www.elsindical.com.ar\/notas\/var\/www\/html\/notas\/wp-content\/uploads\/2014\/09\/AFICHE-MARCELO-ESTA-CON-VOS-214x300.jpg\" alt=\"AFICHE-MARCELO-ESTA-CON-VOS\" width=\"214\" height=\"300\" srcset=\"https:\/\/www.elsindical.com.ar\/notas\/var\/www\/html\/notas\/wp-content\/uploads\/2014\/09\/AFICHE-MARCELO-ESTA-CON-VOS-214x300.jpg 214w, https:\/\/www.elsindical.com.ar\/notas\/var\/www\/html\/notas\/wp-content\/uploads\/2014\/09\/AFICHE-MARCELO-ESTA-CON-VOS.jpg 443w\" sizes=\"auto, (max-width: 214px) 100vw, 214px\" \/><\/a> Ya en la nota sobre el oportunismo pol\u00edtico en el crimen de Elsa Tolay, fuimos revelando un poco de la forma de manipular las noticias del blog En La Mira, que produce Marcelo Brunwald, y que tiene hoy como auspiciantes a las siguientes empresas o personas:<\/p>\n<p>-SECLA (Sindicato de Empleados de Comercio Lan\u00fas-Avellaneda). <a href=\"www.secla.org.ar%20\">www.secla.org.ar <\/a><\/p>\n<p>-UOCRA Lan\u00fas-Avellaneda. (Estanislao Zeballos 1674, Sarand\u00ed, 4203-3423\/ 4203-9725, <span style=\"text-decoration: underline;\"><span style=\"color: #0066cc;\">sinb020@uocra.org<\/span><\/span>\u00a0)<\/p>\n<p>-Cl\u00ednica Avellaneda\u00a0Medical Center, ex Pala\u00e1 de Avellaneda. (Palaa 325, Avellaneda, 4222-2702\/2760 )<\/p>\n<p>-PrintHouse Wilde. (Calle Pir\u00e1n N\u00ba 13 Wilde, 5293-2209 , sanisidro2@printhouse.com.ar, wilde1@printhouse.com.ar)<\/p>\n<p>-J\u00f3venes Massa Avellaneda, UNIR, Nahuel Mat\u00edas\u00a0Sangiorgi ( <a href=\"https:\/\/www.facebook.com\/nahuelmatias.sangiorgi\">https:\/\/www.facebook.com\/nahuelmatias.sangiorgi<\/a>)<\/p>\n<p>-Concejal Ver\u00f3nica Ju\u00e1rez (Bloque PJ FpV). <strong>La concejal Ver\u00f3nica Ju\u00e1rez, deslind\u00f3 toda participaci\u00f3n en auspiciar alguno de los programas de En La Mira, como tambi\u00e9n continuar manteniendo di\u00e1logo alguno con el se\u00f1or Marcelo Brunwald, a quien conoce como muchos concejales y pol\u00edticos, pero que actualmente tienen posiciones distantes por el tema de la Cl\u00ednica Nuestra Se\u00f1ora de la Dulce Espera, y la defensa que este viene realizando de la cl\u00ednica.<\/strong><\/p>\n<p>-Romina Pozzo (Presidente Consejo Escolar de Avellaneda, Romina Pozzo,<strong> siendo las 14:15 hs. nos asegura que no posee ning\u00fan tipo de pauta y que no auspicia ning\u00fan programa o medio period\u00edstico. Siendo las 14:21 hs. Romina Pozzo, aclara que ella tiene una excelente relaci\u00f3n con Marcelo Brunwlad y que si la menciona lo hace de buena fe.<\/strong><\/p>\n<p>-Nx11 Stamp ( Pablo Brunwald, Estampados, lunes a viernes 9 a 12 y 15 a 19, sabados 9 a 13, 1554165814 <a href=\"nx11stamp@gmail.com%20\">nx11stamp@gmail.com )<\/a><\/p>\n<p>-Wilde Net. (Venta y reparaci\u00f3n de insumos de computaci\u00f3n, Fabi\u00e1n Onsari 1290, 5430-1549, wildenet@hotmail.com, www.wildenet.com.ar (el sitio no existe)\u00a0de Hern\u00e1n Mart\u00edn Brunwald)<\/p>\n<p>Habr\u00eda que preguntarles a cada uno de estos auspiciantes, si saben de qu\u00e9 forma se maneja este muchacho ambicioso, mediocre, que no ha llegado a despegar como pol\u00edtico, pero que siempre est\u00e1 buscando como beneficiarse, \u00bf c\u00f3mo factura sus pautas?, \u00bf qu\u00e9 lo lleva a defender la cl\u00ednica?, \u00bf qu\u00e9 motivaciones tiene en ofrecer arreglos a familias?, \u00bf qu\u00e9 lo hace perder el trabajo period\u00edstico que pasa por cubrir y escuchar a los vecinos para proponer acciones, mezclar la pol\u00edtica?, permitir comentarios incitando a la violencia en sus muros, \u00bf qu\u00e9 lo lleva a infundir miedos en la gente contra otros periodistas o medios?, \u00bf por qu\u00e9 no cuenta sus actividades durante la gesti\u00f3n de Laborde ?, sabemos muy bien que existen otros pol\u00edticos locales que colaboran con su medio para utilizarlo contra la gesti\u00f3n, pero lo que es inaceptable es pretender jugar con el dolor de los familiares de v\u00edctimas.<\/p>\n<p>Si los m\u00e9dicos de la cl\u00ednica est\u00e1n tan seguros que hicieron todo bien, que se presenten en la justicia y aclaren las cosas, no necesitan para eso un \u00abnegociador\u00bb o un irresponsable que pretenda emboscar a mujeres doloridas con supuestas entrevistas para desacreditarlas, hay que ser muy sucio.<\/p>\n<p>Y reitero como en la nota anterior, que de cualquier incidente contra mi persona, como el del s\u00e1bado pasado donde mand\u00f3 a una mujer que qued\u00f3 grabado su testimonio que el se\u00f1or de En La Mira le dijo que me venga a increpar por mi presencia en las marchas de Wilde, y que no quiere que yo siga concurriendo, que mi presencia es period\u00edstica, yo no ando hurgando en el dolor ajeno, estoy apoyando los pedidos de justicia porque tengo familia en Wilde, porque siempre he apoyado los reclamos justos, a diferencia de este se\u00f1or no incito a la violencia, quienes han participado en las reuniones donde estuve presente he criticado a la gesti\u00f3n y sus funcionarios, pero he aportado soluciones, este se\u00f1or desde el a\u00f1o 2008 est\u00e1 motorizando marchas de seguridad con el resultado a la vista, nada ha cambiado, solo los Comisarios, pero la soluci\u00f3n no pasa por ah\u00ed.<\/p>\n<p>Como no pasa por insultar a polic\u00edas, o acusar a los gritos de corruptos, si tienen las pruebas se\u00f1ores vayan a la justicia, que es lo que corresponde, y lo dice alguien que ha denunciado la corrupci\u00f3n pol\u00edtica, judicial y policial, que se banc\u00f3 atentados, armado de causas, sumarios y no me desdije, ni cambie, si tengo algo que denunciar lo hago donde corresponde y luego en los medios.<\/p>\n<p>Somos un medio que procura marcar la diferencia, no nos condiciona una pauta, tenemos la independencia period\u00edstica para publicar lo que es importante para los vecinos independientemente de quien lo genere. Los vecinos merecen respeto en las noticias, incluso leer a medios que no tengan horrores de ortograf\u00eda, porque hacer periodismo no es solo escribir lo que a uno le parece, para eso est\u00e1n las editoriales, como periodista y vecino, pido respeto por los lectores.<\/p>\n<p><a href=\"http:\/\/www.elsindical.com.ar\/notas\/var\/www\/html\/notas\/wp-content\/uploads\/2014\/09\/denuncia-en-la-mira.jpg\"><img loading=\"lazy\" decoding=\"async\" class=\"alignnone size-medium wp-image-45251\" src=\"http:\/\/www.elsindical.com.ar\/notas\/var\/www\/html\/notas\/wp-content\/uploads\/2014\/09\/denuncia-en-la-mira-300x217.jpg\" alt=\"denuncia-en-la-mira\" width=\"300\" height=\"217\" srcset=\"https:\/\/www.elsindical.com.ar\/notas\/var\/www\/html\/notas\/wp-content\/uploads\/2014\/09\/denuncia-en-la-mira-300x217.jpg 300w, https:\/\/www.elsindical.com.ar\/notas\/var\/www\/html\/notas\/wp-content\/uploads\/2014\/09\/denuncia-en-la-mira-413x300.jpg 413w, https:\/\/www.elsindical.com.ar\/notas\/var\/www\/html\/notas\/wp-content\/uploads\/2014\/09\/denuncia-en-la-mira.jpg 620w\" sizes=\"auto, (max-width: 300px) 100vw, 300px\" \/><\/a><\/p>\n<p><em><strong>Por Marcelo Ricardo Hawrylciw<\/strong><\/em><\/p>\n","protected":false},"excerpt":{"rendered":"<p>Ya en la nota sobre el oportunismo pol\u00edtico en el crimen de Elsa Tolay, fuimos revelando un poco de la forma de manipular las noticias del blog En La Mira, que produce Marcelo Brunwald, y que tiene hoy como auspiciantes a las siguientes empresas o personas: -SECLA (Sindicato de Empleados de Comercio Lan\u00fas-Avellaneda). www.secla.org.ar -UOCRA&hellip;<\/p>\n","protected":false},"author":1,"featured_media":0,"comment_status":"open","ping_status":"open","sticky":false,"template":"","format":"standard","meta":{"footnotes":""},"categories":[10],"tags":[19578,19575,19579,19577,18969,13091,1228,12779,19576],"class_list":["post-45250","post","type-post","status-publish","format-standard","hentry","category-editorial","tag-clinica-avellaneda-medical-center","tag-hernan-martin-brunwald","tag-nahuel-matias-sangiorgi","tag-printhouse","tag-romina-pozzo","tag-secla","tag-uocra","tag-veronica-juarez","tag-wilde-net"],"_links":{"self":[{"href":"https:\/\/www.elsindical.com.ar\/notas\/wp-json\/wp\/v2\/posts\/45250","targetHints":{"allow":["GET"]}}],"collection":[{"href":"https:\/\/www.elsindical.com.ar\/notas\/wp-json\/wp\/v2\/posts"}],"about":[{"href":"https:\/\/www.elsindical.com.ar\/notas\/wp-json\/wp\/v2\/types\/post"}],"author":[{"embeddable":true,"href":"https:\/\/www.elsindical.com.ar\/notas\/wp-json\/wp\/v2\/users\/1"}],"replies":[{"embeddable":true,"href":"https:\/\/www.elsindical.com.ar\/notas\/wp-json\/wp\/v2\/comments?post=45250"}],"version-history":[{"count":4,"href":"https:\/\/www.elsindical.com.ar\/notas\/wp-json\/wp\/v2\/posts\/45250\/revisions"}],"predecessor-version":[{"id":45259,"href":"https:\/\/www.elsindical.com.ar\/notas\/wp-json\/wp\/v2\/posts\/45250\/revisions\/45259"}],"wp:attachment":[{"href":"https:\/\/www.elsindical.com.ar\/notas\/wp-json\/wp\/v2\/media?parent=45250"}],"wp:term":[{"taxonomy":"category","embeddable":true,"href":"https:\/\/www.elsindical.com.ar\/notas\/wp-json\/wp\/v2\/categories?post=45250"},{"taxonomy":"post_tag","embeddable":true,"href":"https:\/\/www.elsindical.com.ar\/notas\/wp-json\/wp\/v2\/tags?post=45250"}],"curies":[{"name":"wp","href":"https:\/\/api.w.org\/{rel}","templated":true}]}}