{"id":45219,"date":"2014-09-04T12:59:28","date_gmt":"2014-09-04T15:59:28","guid":{"rendered":"http:\/\/www.elsindical.com.ar\/notas\/?p=45219"},"modified":"2014-09-04T12:59:28","modified_gmt":"2014-09-04T15:59:28","slug":"liberaron-a-un-preso-condenado-a-reclusion-perpetua-tras-matar-a-un-policia","status":"publish","type":"post","link":"https:\/\/www.elsindical.com.ar\/notas\/liberaron-a-un-preso-condenado-a-reclusion-perpetua-tras-matar-a-un-policia\/","title":{"rendered":"Liberaron a un preso condenado a reclusi\u00f3n perpetua tras matar a un polic\u00eda"},"content":{"rendered":"<p><em><a href=\"http:\/\/www.elsindical.com.ar\/notas\/var\/www\/html\/notas\/wp-content\/uploads\/2014\/09\/Raul-Alberto-Castillo.jpg\"><img loading=\"lazy\" decoding=\"async\" class=\"alignnone size-medium wp-image-45220\" src=\"http:\/\/www.elsindical.com.ar\/notas\/var\/www\/html\/notas\/wp-content\/uploads\/2014\/09\/Raul-Alberto-Castillo-300x282.jpg\" alt=\"Raul-Alberto-Castillo\" width=\"300\" height=\"282\" srcset=\"https:\/\/www.elsindical.com.ar\/notas\/var\/www\/html\/notas\/wp-content\/uploads\/2014\/09\/Raul-Alberto-Castillo-300x282.jpg 300w, https:\/\/www.elsindical.com.ar\/notas\/var\/www\/html\/notas\/wp-content\/uploads\/2014\/09\/Raul-Alberto-Castillo-318x300.jpg 318w, https:\/\/www.elsindical.com.ar\/notas\/var\/www\/html\/notas\/wp-content\/uploads\/2014\/09\/Raul-Alberto-Castillo.jpg 443w\" sizes=\"auto, (max-width: 300px) 100vw, 300px\" \/><\/a>El mismo fue detenido hace 9 a\u00f1os luego de que en febrero del 2005,\u00a0<span style=\"color: #292f33;\">Ra\u00fal Alberto Castillo, fuera acusado por testigos de ser autor penal de asesinar a un efectivo policial de la Bonaerense de 10 balazos tras un intento de robo. La justicia lo dejo en libertad pese a tener una condena firma a Cadena Perpetua, en julio del 2014, por considerarlo rehabilitado.<\/span><\/em><\/p>\n<p>Seg\u00fan confirmaron fuentes judiciales del partido de Mor\u00f3n la decisi\u00f3n de liberar a Castillo fue adoptada la semana pasada cuando tras varios intento los abogados que representan al condenado, hab\u00edan pedido su libertad condicional por buena conducta luego de estar 9 a\u00f1os detenido, de los cuales solo 6 cumpli\u00f3 la pena impuesta por el tribuna penal de Mor\u00f3n.<\/p>\n<p>Fue detenido, acusado y condenado en el a\u00f1o 2008, por homicidio en\u00a0<span style=\"color: #292f33;\">primer grado con ensa\u00f1amiento y alevos\u00eda, a causa de los 10 disparos que efectu\u00f3\u00a0los cuales impactaron de lleno en el cuerpo del oficial primero de la Comisaria Primera de la localidad bonaerense.<\/span><\/p>\n<p>Castillo estuvo detenido en la Unidad Carcelaria n 9 de Villa Elvira, hasta que finalmente hace 2 semanas fuera puesto en libertad condicional.<\/p>\n","protected":false},"excerpt":{"rendered":"<p>El mismo fue detenido hace 9 a\u00f1os luego de que en febrero del 2005,\u00a0Ra\u00fal Alberto Castillo, fuera acusado por testigos de ser autor penal de asesinar a un efectivo policial de la Bonaerense de 10 balazos tras un intento de robo. La justicia lo dejo en libertad pese a tener una condena firma a Cadena&hellip;<\/p>\n","protected":false},"author":1,"featured_media":0,"comment_status":"open","ping_status":"open","sticky":false,"template":"","format":"standard","meta":{"footnotes":""},"categories":[20],"tags":[363,11030,751,749,19569],"class_list":["post-45219","post","type-post","status-publish","format-standard","hentry","category-judiciales","tag-asesinato","tag-cadena-perpetua","tag-condenado","tag-policia-bonaerense","tag-raul-alberto-castillo"],"_links":{"self":[{"href":"https:\/\/www.elsindical.com.ar\/notas\/wp-json\/wp\/v2\/posts\/45219","targetHints":{"allow":["GET"]}}],"collection":[{"href":"https:\/\/www.elsindical.com.ar\/notas\/wp-json\/wp\/v2\/posts"}],"about":[{"href":"https:\/\/www.elsindical.com.ar\/notas\/wp-json\/wp\/v2\/types\/post"}],"author":[{"embeddable":true,"href":"https:\/\/www.elsindical.com.ar\/notas\/wp-json\/wp\/v2\/users\/1"}],"replies":[{"embeddable":true,"href":"https:\/\/www.elsindical.com.ar\/notas\/wp-json\/wp\/v2\/comments?post=45219"}],"version-history":[{"count":1,"href":"https:\/\/www.elsindical.com.ar\/notas\/wp-json\/wp\/v2\/posts\/45219\/revisions"}],"predecessor-version":[{"id":45221,"href":"https:\/\/www.elsindical.com.ar\/notas\/wp-json\/wp\/v2\/posts\/45219\/revisions\/45221"}],"wp:attachment":[{"href":"https:\/\/www.elsindical.com.ar\/notas\/wp-json\/wp\/v2\/media?parent=45219"}],"wp:term":[{"taxonomy":"category","embeddable":true,"href":"https:\/\/www.elsindical.com.ar\/notas\/wp-json\/wp\/v2\/categories?post=45219"},{"taxonomy":"post_tag","embeddable":true,"href":"https:\/\/www.elsindical.com.ar\/notas\/wp-json\/wp\/v2\/tags?post=45219"}],"curies":[{"name":"wp","href":"https:\/\/api.w.org\/{rel}","templated":true}]}}