{"id":45213,"date":"2014-09-04T11:55:13","date_gmt":"2014-09-04T14:55:13","guid":{"rendered":"http:\/\/www.elsindical.com.ar\/notas\/?p=45213"},"modified":"2014-09-04T11:55:13","modified_gmt":"2014-09-04T14:55:13","slug":"clinicas-y-sanatorios-cobraran-desde-el-lunes-copagos-a-los-clientes-de-prepagas","status":"publish","type":"post","link":"https:\/\/www.elsindical.com.ar\/notas\/clinicas-y-sanatorios-cobraran-desde-el-lunes-copagos-a-los-clientes-de-prepagas\/","title":{"rendered":"Cl\u00ednicas y sanatorios cobrar\u00e1n desde el lunes copagos a los clientes de prepagas"},"content":{"rendered":"<p><em><a href=\"http:\/\/www.elsindical.com.ar\/notas\/var\/www\/html\/notas\/wp-content\/uploads\/2010\/08\/m\u00e9dicos-varios.jpg\"><img loading=\"lazy\" decoding=\"async\" class=\"alignnone size-full wp-image-8699\" src=\"http:\/\/www.elsindical.com.ar\/notas\/var\/www\/html\/notas\/wp-content\/uploads\/2010\/08\/m\u00e9dicos-varios.jpg\" alt=\"m\u00e9dicos-varios\" width=\"227\" height=\"138\" \/><\/a>Los valores \u00aborientativos\u00bb ser\u00e1n de $50 para las consultas y pr\u00e1cticas de baja complejidad y de $100 para estudios de alta complejidad. Tambi\u00e9n se les cobrar\u00e1 a los pacientes que acudan a las guardias. Las prepagas aseguran que se realizar\u00e1n reintegros.<\/em><\/p>\n<p>Las cl\u00ednicas y sanatorios cobrar\u00e1n a partir del lunes pr\u00f3ximo copagos a los afiliados de empresas de medicina prepaga para hacer frente a la suba de sus gastos, informaron hoy las c\u00e1maras del sector.<\/p>\n<p>La medida fue resuelta en una reuni\u00f3n que mantuvieron hoy las entidades nucleadas en ADECRA, ADEMP, ACAMI, CEMPRA, CEDIM, CIMARA, FEM, FEMECA y FAOSDIR.<\/p>\n<p>\u00abLas prestadoras decidieron cobrar copagos en Sanatorios, Cl\u00ednicas, Centros de Atenci\u00f3n Ambulatoria y Centros de Diagn\u00f3stico a partir del lunes 8 de septiembre como consecuencia de la no aplicaci\u00f3n de la ley 26.682, Ley de Regulaci\u00f3n de las Entidades de Medicina Prepaga\u00bb, indicaron en un comunicado conjunto.<\/p>\n<p>Seg\u00fan precis\u00f3, en el encuentro \u00abse cuestion\u00f3 el criterio utilizado por la Superintendencia de Servicios de Salud para autorizar incrementos en las cuotas del sector que resultaron inferiores a los reclamados en defensa de la calidad de atenci\u00f3n de los socios\u00bb.<\/p>\n<p>En ese sentido, las c\u00e1maras del sector decidieron recurrir a la Justicia para reclamar por el alza de las cuotas.<\/p>\n<p>Tambi\u00e9n se resolvi\u00f3 hacer presentaciones de recursos administrativos ante la autoridad de aplicaci\u00f3n \u00abpara que la Superintendencia de Servicios de Salud (SSS)explique las razones por las cu\u00e1les se decidi\u00f3 otorgar un aumento menor del que solicit\u00f3 el sector en las cuotas\u00bb.<\/p>\n<p>Seg\u00fan explicaron, en reuniones previas con la Superintendencia de Servicios de Salud (SSS) se hab\u00eda acordado un 9 por ciento de aumento en septiembre, como compensaci\u00f3n por el aumento de los salarios del sector y de los costos generales.<\/p>\n<p>Pero finalmente, la Superintendencia autoriz\u00f3 un aumento menor, del 7,5 por ciento, y reci\u00e9n se podr\u00e1 aplicar en octubre.<\/p>\n<p>Las entidades se\u00f1alaron que el cobro de copagos regir\u00e1 \u00aben principio hasta que las autoridades nacionales lleguen a una determinaci\u00f3n luego de las presentaciones que se realicen por parte del sector\u00bb.<\/p>\n<p>\u00abAdem\u00e1s, las financiadoras est\u00e1n evaluando si existe la posibilidad de hacer la devoluci\u00f3n de los importes de los copagos y en qu\u00e9 t\u00e9rminos se efectuar\u00eda\u00bb, concluyeron.<\/p>\n","protected":false},"excerpt":{"rendered":"<p>Los valores \u00aborientativos\u00bb ser\u00e1n de $50 para las consultas y pr\u00e1cticas de baja complejidad y de $100 para estudios de alta complejidad. Tambi\u00e9n se les cobrar\u00e1 a los pacientes que acudan a las guardias. Las prepagas aseguran que se realizar\u00e1n reintegros. Las cl\u00ednicas y sanatorios cobrar\u00e1n a partir del lunes pr\u00f3ximo copagos a los afiliados&hellip;<\/p>\n","protected":false},"author":1,"featured_media":0,"comment_status":"open","ping_status":"open","sticky":false,"template":"","format":"standard","meta":{"footnotes":""},"categories":[9],"tags":[19562,18713,19561,18714,19563,19564,8990,19567,19565,19566,947,4530],"class_list":["post-45213","post","type-post","status-publish","format-standard","hentry","category-economia","tag-acami","tag-adecra","tag-ademp","tag-cedim","tag-cempra","tag-cimara","tag-cuota","tag-faosdir","tag-fem","tag-femeca","tag-obras-sociales","tag-prepagas"],"_links":{"self":[{"href":"https:\/\/www.elsindical.com.ar\/notas\/wp-json\/wp\/v2\/posts\/45213","targetHints":{"allow":["GET"]}}],"collection":[{"href":"https:\/\/www.elsindical.com.ar\/notas\/wp-json\/wp\/v2\/posts"}],"about":[{"href":"https:\/\/www.elsindical.com.ar\/notas\/wp-json\/wp\/v2\/types\/post"}],"author":[{"embeddable":true,"href":"https:\/\/www.elsindical.com.ar\/notas\/wp-json\/wp\/v2\/users\/1"}],"replies":[{"embeddable":true,"href":"https:\/\/www.elsindical.com.ar\/notas\/wp-json\/wp\/v2\/comments?post=45213"}],"version-history":[{"count":1,"href":"https:\/\/www.elsindical.com.ar\/notas\/wp-json\/wp\/v2\/posts\/45213\/revisions"}],"predecessor-version":[{"id":45214,"href":"https:\/\/www.elsindical.com.ar\/notas\/wp-json\/wp\/v2\/posts\/45213\/revisions\/45214"}],"wp:attachment":[{"href":"https:\/\/www.elsindical.com.ar\/notas\/wp-json\/wp\/v2\/media?parent=45213"}],"wp:term":[{"taxonomy":"category","embeddable":true,"href":"https:\/\/www.elsindical.com.ar\/notas\/wp-json\/wp\/v2\/categories?post=45213"},{"taxonomy":"post_tag","embeddable":true,"href":"https:\/\/www.elsindical.com.ar\/notas\/wp-json\/wp\/v2\/tags?post=45213"}],"curies":[{"name":"wp","href":"https:\/\/api.w.org\/{rel}","templated":true}]}}