{"id":4516,"date":"2010-03-13T01:20:18","date_gmt":"2010-03-13T04:20:18","guid":{"rendered":"http:\/\/www.elsindical.com.ar\/notas\/?p=4516"},"modified":"2010-03-13T01:20:18","modified_gmt":"2010-03-13T04:20:18","slug":"estudio-de-adn-confirmo-que-muestras-de-sangre-y-orina-eran-de-barrios","status":"publish","type":"post","link":"https:\/\/www.elsindical.com.ar\/notas\/estudio-de-adn-confirmo-que-muestras-de-sangre-y-orina-eran-de-barrios\/","title":{"rendered":"Estudio de ADN confirm\u00f3 que muestras de sangre y orina eran de Barrios"},"content":{"rendered":"<p style=\"text-align: justify;\"><em><a href=\"http:\/\/www.elsindical.com.ar\/notas\/var\/www\/html\/notas\/wp-content\/uploads\/2010\/03\/accidente-Rodrigo-Barrios.jpg\"><img loading=\"lazy\" decoding=\"async\" class=\"alignleft size-full wp-image-4517\" title=\"accidente-Rodrigo-Barrios\" src=\"http:\/\/www.elsindical.com.ar\/notas\/var\/www\/html\/notas\/wp-content\/uploads\/2010\/03\/accidente-Rodrigo-Barrios.jpg\" alt=\"\" width=\"255\" height=\"205\" \/><\/a>Los ejemplos analizados para la causa por el accidente automovil\u00edstico que deriv\u00f3 en la muerte de una joven embarazada fueron tomados del boxeador, seg\u00fan las pericias.<\/em><\/p>\n<p style=\"text-align: justify;\">Las muestras de sangre y de orina con la que se realizaron los estudios de alcoholemia a Rodrigo \u00abLa Hiena\u00bb Barrios, tras el accidente en Mar del Plata en el que muri\u00f3 una chica embarazada, pertenecen al boxeador, seg\u00fan un estudio de ADN.<\/p>\n<p>Fuentes de la investigaci\u00f3n aseguraron a T\u00e9lam que el estudio fue realizado por el Laboratorio de An\u00e1lisis Comparativos de ADN de la Direcci\u00f3n de Asesor\u00edas Periciales de la Suprema Corte bonaerense, cuyo resultado confirm\u00f3 que la sangre y la orina utilizada pertenecen a la \u00abHiena\u00bb Barrios.<\/p>\n<p>El abogado de Barrios, Jos\u00e9 Vera, se mostr\u00f3 satisfecho con el resultado.<\/p>\n<p>Vera dijo que \u00abRodrigo estaba esperando estos resultados para probar que no estaba drogado ni alcoholizado en el momento de colisionar con el Fiat 147, que luego atropell\u00f3 a las v\u00edctimas\u00bb.<\/p>\n<p>\u00abEsperamos que ahora se retracten los que sacaron apresuradamente otras conclusiones\u00bb, coment\u00f3 el letrado.<\/p>\n<p>El abogado consider\u00f3 que \u00e9sta \u00abes la mejor noticia que pod\u00eda recibir Rodrigo y su familia y ahora volver\u00e1 a los entrenamientos para pelear por el t\u00edtulo del mundo\u00bb.<\/p>\n<p>Vera agreg\u00f3 que esperan que \u00abpronto se haga el juicio oral porque no hay otras medidas que realizar\u00bb.<\/p>\n<p>El estudio estuvo a cargo de la perito oficial Ana Mar\u00eda Lojo, pero tanto la familia de la v\u00edctima, Yamila Gonz\u00e1lez, como la defensa de Barrios aportaron peritos de parte.<\/p>\n<p>Este procedimiento hab\u00eda sido pedido por la familia de Yamila, despu\u00e9s de poner en duda que las muestras de sangre y orina utilizadas para saber si Barrios hab\u00eda ingerido alcohol o drogas fueran de \u00e9l.<\/p>\n<p>Es que sobre las muestras del boxeador cuestionadas se hicieron estudios de alcoholemia y toxicol\u00f3gicos dispuestos por la fiscal marplatense Mar\u00eda Teresa Mart\u00ednez Ruiz, que arrojaron resultado negativo, es decir, que Barrios no estaba borracho ni drogado al momento del accidente.<\/p>\n<p>Barrios se encuentra imputado en una causa por homicidio culposo agravado en concurso ideal con lesiones, a ra\u00edz del accidente de tr\u00e1nsito ocurrido el 24 de enero pasado en el barrio marplatense de La Perla, cuando choc\u00f3 a un Fiat 147 que esperaba el cambio de sem\u00e1foro, el que, a su vez, embisti\u00f3 a Gonz\u00e1lez y su madre cuando cruzaban la calle.<\/p>\n<p>La joven de 20 a\u00f1os y embarazada de seis meses muri\u00f3 producto del accidente y su madre y dos ocupantes del auto quedaron heridas.<\/p>\n<p>Barrios escap\u00f3 de la escena del hecho, tuvo otro choque a unas cuadras y a seis horas del episodio se entreg\u00f3 a la polic\u00eda y qued\u00f3 detenido.<\/p>\n<p>El 5 de febrero, mediante un fallo de la Sala III de la C\u00e1mara de Apelaci\u00f3n y Garant\u00edas de Mar del Plata, \u00abLa Hiena\u00bb fue excarcelado bajo palabra y abandon\u00f3 el penal de Bat\u00e1n tras 12 d\u00edas.<\/p>\n","protected":false},"excerpt":{"rendered":"<p>Los ejemplos analizados para la causa por el accidente automovil\u00edstico que deriv\u00f3 en la muerte de una joven embarazada fueron tomados del boxeador, seg\u00fan las pericias. Las muestras de sangre y de orina con la que se realizaron los estudios de alcoholemia a Rodrigo \u00abLa Hiena\u00bb Barrios, tras el accidente en Mar del Plata en&hellip;<\/p>\n","protected":false},"author":1,"featured_media":0,"comment_status":"open","ping_status":"open","sticky":false,"template":"","format":"standard","meta":{"footnotes":""},"categories":[20],"tags":[990,1418,1913,2359,2360,2361,1674],"class_list":["post-4516","post","type-post","status-publish","format-standard","hentry","category-judiciales","tag-accidente","tag-adn","tag-boxeador","tag-la-hiena","tag-muestras","tag-pericia","tag-rodrigo-barrios"],"_links":{"self":[{"href":"https:\/\/www.elsindical.com.ar\/notas\/wp-json\/wp\/v2\/posts\/4516","targetHints":{"allow":["GET"]}}],"collection":[{"href":"https:\/\/www.elsindical.com.ar\/notas\/wp-json\/wp\/v2\/posts"}],"about":[{"href":"https:\/\/www.elsindical.com.ar\/notas\/wp-json\/wp\/v2\/types\/post"}],"author":[{"embeddable":true,"href":"https:\/\/www.elsindical.com.ar\/notas\/wp-json\/wp\/v2\/users\/1"}],"replies":[{"embeddable":true,"href":"https:\/\/www.elsindical.com.ar\/notas\/wp-json\/wp\/v2\/comments?post=4516"}],"version-history":[{"count":2,"href":"https:\/\/www.elsindical.com.ar\/notas\/wp-json\/wp\/v2\/posts\/4516\/revisions"}],"predecessor-version":[{"id":4519,"href":"https:\/\/www.elsindical.com.ar\/notas\/wp-json\/wp\/v2\/posts\/4516\/revisions\/4519"}],"wp:attachment":[{"href":"https:\/\/www.elsindical.com.ar\/notas\/wp-json\/wp\/v2\/media?parent=4516"}],"wp:term":[{"taxonomy":"category","embeddable":true,"href":"https:\/\/www.elsindical.com.ar\/notas\/wp-json\/wp\/v2\/categories?post=4516"},{"taxonomy":"post_tag","embeddable":true,"href":"https:\/\/www.elsindical.com.ar\/notas\/wp-json\/wp\/v2\/tags?post=4516"}],"curies":[{"name":"wp","href":"https:\/\/api.w.org\/{rel}","templated":true}]}}