{"id":45115,"date":"2014-08-30T02:11:54","date_gmt":"2014-08-30T05:11:54","guid":{"rendered":"http:\/\/www.elsindical.com.ar\/notas\/?p=45115"},"modified":"2014-08-30T02:11:54","modified_gmt":"2014-08-30T05:11:54","slug":"removieron-a-90-jefes-de-la-policia-bonaerense","status":"publish","type":"post","link":"https:\/\/www.elsindical.com.ar\/notas\/removieron-a-90-jefes-de-la-policia-bonaerense\/","title":{"rendered":"Removieron a 90 jefes de la Polic\u00eda Bonaerense"},"content":{"rendered":"<p><em><a href=\"http:\/\/www.elsindical.com.ar\/notas\/var\/www\/html\/notas\/wp-content\/uploads\/2013\/11\/Alejandro-Granados.jpg\"><img loading=\"lazy\" decoding=\"async\" class=\"alignnone size-medium wp-image-39256\" src=\"http:\/\/www.elsindical.com.ar\/notas\/var\/www\/html\/notas\/wp-content\/uploads\/2013\/11\/Alejandro-Granados-300x215.jpg\" alt=\"Alejandro-Granados\" width=\"300\" height=\"215\" srcset=\"https:\/\/www.elsindical.com.ar\/notas\/var\/www\/html\/notas\/wp-content\/uploads\/2013\/11\/Alejandro-Granados-300x215.jpg 300w, https:\/\/www.elsindical.com.ar\/notas\/var\/www\/html\/notas\/wp-content\/uploads\/2013\/11\/Alejandro-Granados-417x300.jpg 417w, https:\/\/www.elsindical.com.ar\/notas\/var\/www\/html\/notas\/wp-content\/uploads\/2013\/11\/Alejandro-Granados.jpg 620w\" sizes=\"auto, (max-width: 300px) 100vw, 300px\" \/><\/a><a href=\"http:\/\/www.mseg.gba.gov.ar\/mjysseg\/index.html\">Granados<\/a> dispuso un \u201creacomodamiento\u201d en la fuerza. Entre los jefes distritales removidos, est\u00e1n los de Lomas de Zamora y La Matanza.<\/em><\/p>\n<p>Los cambios alcanzaron a jefaturas de la Polic\u00eda Distrital, que funcionan en ciudades de m\u00e1s de 70.000 habitantes; Polic\u00eda Comunal, operativa en localidades de menos de 70.000 habitantes Comisar\u00edas, Departamentales y otras direcciones como Explosivos, Cient\u00edfica o Caballer\u00eda.<\/p>\n<p>En la Polic\u00eda Distrital Granados removi\u00f3 a los jefes policiales de los municipios de Lomas de Zamora, Presidente Per\u00f3n, La Matanza, La Plata, Mor\u00f3n, San Pedro, Moreno, San Nicol\u00e1s, Bah\u00eda Blanca, Pergamino y Chacabuco.<\/p>\n<p>En jurisdicci\u00f3n de la Polic\u00eda Comunal removieron a los capitanes de las ciudades de Nueve de Julio, General Paz, Salto, Coronel Pringles, Coronel Rosales, General Las Heras, San Antonio de Areco, General Belgrano y Tapalqu\u00e9.<\/p>\n<p>Adem\u00e1s, se cambiaron los responsables de las comisar\u00edas 5ta. y 7ma. de Almirante Brown, 9na. de San Mart\u00edn, 2da. de Bah\u00eda Blanca, 1ra. de San Nicol\u00e1s, 3ra. y 6ta. de Mor\u00f3n, 5ta. de San Isidro, 4ta. de Quilmes y 9na. de La Plata; y los titulares de la Polic\u00eda BA 2 de San Mart\u00edn, La Plata y Mor\u00f3n.<\/p>\n<p>Tambi\u00e9n al responsable de la custodia de funcionarios y a los del departamento de custodia de Objetivos Fijos y Traslado de Detenidos de Bah\u00eda Blanca, Mar del Plata y San Mart\u00edn.<\/p>\n<p><strong>Cambios en Jefaturas Departamentales.<\/strong> Granados dispuso el cambio del titular de la dependencia en Chascom\u00fas y el del subjefe de San Nicol\u00e1s, mientras que en Almirante Brown, 25 de Mayo, Berisso, Tres Arroyos, Guamin\u00ed, Pinamar y Trenque Lauquen movi\u00f3 a jefes de las \u00e1rea Personal, Grupo Apoyo, Secretar\u00eda y Judiciales.<\/p>\n<p>De la Direcci\u00f3n de Investigaci\u00f3n en Funci\u00f3n Judicial, Granados relev\u00f3 a jefes en los distritos de Esteban Echeverr\u00eda, La Plata, Mercedes y Olavarr\u00eda, funcionarios que conduc\u00edan sitios encargados de investigar delitos econ\u00f3micos y sustracci\u00f3n de automotores.<\/p>\n<p><strong>Otros relevos.<\/strong> Finalmente, sustituy\u00f3 a titulares de la Divisi\u00f3n Seguridad Bancaria, de la Planta Verificadora, de la Direcci\u00f3n de Explosivos, la Direcci\u00f3n de Operaciones Cient\u00edficas, Direcci\u00f3n de Armas, Direcci\u00f3n de Caballer\u00eda y al jefe de personal de la Superintendencia General de Polic\u00eda.<\/p>\n","protected":false},"excerpt":{"rendered":"<p>Granados dispuso un \u201creacomodamiento\u201d en la fuerza. Entre los jefes distritales removidos, est\u00e1n los de Lomas de Zamora y La Matanza. Los cambios alcanzaron a jefaturas de la Polic\u00eda Distrital, que funcionan en ciudades de m\u00e1s de 70.000 habitantes; Polic\u00eda Comunal, operativa en localidades de menos de 70.000 habitantes Comisar\u00edas, Departamentales y otras direcciones como&hellip;<\/p>\n","protected":false},"author":1,"featured_media":0,"comment_status":"open","ping_status":"open","sticky":false,"template":"","format":"standard","meta":{"footnotes":""},"categories":[13],"tags":[7560,13386,6674],"class_list":["post-45115","post","type-post","status-publish","format-standard","hentry","category-politica","tag-cambios","tag-jefes-policiales","tag-ministro-de-seguridad"],"_links":{"self":[{"href":"https:\/\/www.elsindical.com.ar\/notas\/wp-json\/wp\/v2\/posts\/45115","targetHints":{"allow":["GET"]}}],"collection":[{"href":"https:\/\/www.elsindical.com.ar\/notas\/wp-json\/wp\/v2\/posts"}],"about":[{"href":"https:\/\/www.elsindical.com.ar\/notas\/wp-json\/wp\/v2\/types\/post"}],"author":[{"embeddable":true,"href":"https:\/\/www.elsindical.com.ar\/notas\/wp-json\/wp\/v2\/users\/1"}],"replies":[{"embeddable":true,"href":"https:\/\/www.elsindical.com.ar\/notas\/wp-json\/wp\/v2\/comments?post=45115"}],"version-history":[{"count":1,"href":"https:\/\/www.elsindical.com.ar\/notas\/wp-json\/wp\/v2\/posts\/45115\/revisions"}],"predecessor-version":[{"id":45116,"href":"https:\/\/www.elsindical.com.ar\/notas\/wp-json\/wp\/v2\/posts\/45115\/revisions\/45116"}],"wp:attachment":[{"href":"https:\/\/www.elsindical.com.ar\/notas\/wp-json\/wp\/v2\/media?parent=45115"}],"wp:term":[{"taxonomy":"category","embeddable":true,"href":"https:\/\/www.elsindical.com.ar\/notas\/wp-json\/wp\/v2\/categories?post=45115"},{"taxonomy":"post_tag","embeddable":true,"href":"https:\/\/www.elsindical.com.ar\/notas\/wp-json\/wp\/v2\/tags?post=45115"}],"curies":[{"name":"wp","href":"https:\/\/api.w.org\/{rel}","templated":true}]}}