{"id":45040,"date":"2014-08-26T10:18:43","date_gmt":"2014-08-26T13:18:43","guid":{"rendered":"http:\/\/www.elsindical.com.ar\/notas\/?p=45040"},"modified":"2014-08-26T10:18:43","modified_gmt":"2014-08-26T13:18:43","slug":"cruces-politicos-y-sindicales-por-el-paro-del-jueves-proximo","status":"publish","type":"post","link":"https:\/\/www.elsindical.com.ar\/notas\/cruces-politicos-y-sindicales-por-el-paro-del-jueves-proximo\/","title":{"rendered":"Cruces pol\u00edticos y sindicales por el paro del jueves pr\u00f3ximo"},"content":{"rendered":"<p><em><a href=\"http:\/\/www.elsindical.com.ar\/notas\/var\/www\/html\/notas\/wp-content\/uploads\/2014\/08\/Ju\u00e1rez-y-Acu\u00f1a.jpg\"><img loading=\"lazy\" decoding=\"async\" class=\"alignnone size-medium wp-image-45041\" src=\"http:\/\/www.elsindical.com.ar\/notas\/var\/www\/html\/notas\/wp-content\/uploads\/2014\/08\/Ju\u00e1rez-y-Acu\u00f1a-300x179.jpg\" alt=\"Ju\u00e1rez-y-Acu\u00f1a\" width=\"300\" height=\"179\" srcset=\"https:\/\/www.elsindical.com.ar\/notas\/var\/www\/html\/notas\/wp-content\/uploads\/2014\/08\/Ju\u00e1rez-y-Acu\u00f1a-300x179.jpg 300w, https:\/\/www.elsindical.com.ar\/notas\/var\/www\/html\/notas\/wp-content\/uploads\/2014\/08\/Ju\u00e1rez-y-Acu\u00f1a-500x300.jpg 500w, https:\/\/www.elsindical.com.ar\/notas\/var\/www\/html\/notas\/wp-content\/uploads\/2014\/08\/Ju\u00e1rez-y-Acu\u00f1a.jpg 502w\" sizes=\"auto, (max-width: 300px) 100vw, 300px\" \/><\/a><\/em><\/p>\n<p><em>La concejal por el FpV de Avellaneda y dirigente de la UOCRA, Ver\u00f3nica Ju\u00e1rez, consider\u00f3 que \u201ces muy de gorila querer perjudicar al Gobierno en medio de una pelea con fondos buitre\u201d, en tanto que el diputado provincial y secretario General de Soesgype, Carlos Acu\u00f1a, conf\u00eda en que el paro ser\u00e1 \u201ccontundente\u201d.<\/em><\/p>\n<p><strong>\u201cNo es momento\u201d.<\/strong> Ju\u00e1rez apunt\u00f3 que \u201csiempre es importante cualquier reclamo de los trabajadores\u201d pero evalu\u00f3 que el paro del jueves \u201cno parece correcto en este momento en el que el pa\u00eds est\u00e1 defendiendo y pele\u00e1ndose con los fondos buitres\u201d. \u201cEs muy de gorila querer perjudicar al Gobierno en un momento en el que queremos defender los derechos de nuestro pa\u00eds. Me parece que es importante siempre defender los derechos de los trabajadores pero no ser instrumento pol\u00edtico de algunos dirigentes gremiales que quieren ver caer al Gobierno\u201d, enfatiz\u00f3 la edil.<\/p>\n<p>En esa l\u00ednea, remarc\u00f3 que \u201chaciendo un paro, la CGT no perjudica a la Presidenta sino a la gente\u201d. \u201cNosotros no vamos en contra de los trabajadores jam\u00e1s, pero no somos instrumento de esos dirigentes gremiales que hoy quieren perjudicar al Gobierno\u201d, complet\u00f3.<\/p>\n<p><strong>\u201cEl paro ser\u00e1 m\u00e1s contundente que el anterior\u201d.<\/strong> Es lo que estim\u00f3 el diputado provincial y dirigente de Presidente Per\u00f3n, Carlos Acu\u00f1a.<\/p>\n<p>\u201cLa sociedad est\u00e1 harta de la prepotencia, de la mentira, de la inflaci\u00f3n y de la inseguridad\u201d, se\u00f1al\u00f3 el legislador provincial y advirti\u00f3 que de no ser respondidos los reclamos con el paro, \u201cse tomar\u00e1 otra medida de fuerza que ser\u00e1 pautada para la segunda quincena de septiembre\u201d.<\/p>\n<p>Recalc\u00f3 que el objetivo es \u201cser escuchado para poder ser parte del pa\u00eds, como corresponde\u201d y resalt\u00f3 que la uni\u00f3n entre las CGT de Luis Barrionuevo y de Hugo Moyano encierran un sector \u201cm\u00e1s que importante\u201d del movimiento obrero que \u201cmerecen ser escuchado\u201d.<\/p>\n<p>&nbsp;<\/p>\n<p><strong>Fuente: Inforegi\u00f3n<\/strong><\/p>\n","protected":false},"excerpt":{"rendered":"<p>La concejal por el FpV de Avellaneda y dirigente de la UOCRA, Ver\u00f3nica Ju\u00e1rez, consider\u00f3 que \u201ces muy de gorila querer perjudicar al Gobierno en medio de una pelea con fondos buitre\u201d, en tanto que el diputado provincial y secretario General de Soesgype, Carlos Acu\u00f1a, conf\u00eda en que el paro ser\u00e1 \u201ccontundente\u201d. \u201cNo es momento\u201d.&hellip;<\/p>\n","protected":false},"author":1,"featured_media":0,"comment_status":"open","ping_status":"open","sticky":false,"template":"","format":"standard","meta":{"footnotes":""},"categories":[13],"tags":[461,3354,910,18706,1130,67,3353],"class_list":["post-45040","post","type-post","status-publish","format-standard","hentry","category-politica","tag-avellaneda","tag-carlos-acuna","tag-cgt","tag-concejal-veronica-juarez","tag-fpv","tag-paro","tag-soesgype"],"_links":{"self":[{"href":"https:\/\/www.elsindical.com.ar\/notas\/wp-json\/wp\/v2\/posts\/45040","targetHints":{"allow":["GET"]}}],"collection":[{"href":"https:\/\/www.elsindical.com.ar\/notas\/wp-json\/wp\/v2\/posts"}],"about":[{"href":"https:\/\/www.elsindical.com.ar\/notas\/wp-json\/wp\/v2\/types\/post"}],"author":[{"embeddable":true,"href":"https:\/\/www.elsindical.com.ar\/notas\/wp-json\/wp\/v2\/users\/1"}],"replies":[{"embeddable":true,"href":"https:\/\/www.elsindical.com.ar\/notas\/wp-json\/wp\/v2\/comments?post=45040"}],"version-history":[{"count":1,"href":"https:\/\/www.elsindical.com.ar\/notas\/wp-json\/wp\/v2\/posts\/45040\/revisions"}],"predecessor-version":[{"id":45042,"href":"https:\/\/www.elsindical.com.ar\/notas\/wp-json\/wp\/v2\/posts\/45040\/revisions\/45042"}],"wp:attachment":[{"href":"https:\/\/www.elsindical.com.ar\/notas\/wp-json\/wp\/v2\/media?parent=45040"}],"wp:term":[{"taxonomy":"category","embeddable":true,"href":"https:\/\/www.elsindical.com.ar\/notas\/wp-json\/wp\/v2\/categories?post=45040"},{"taxonomy":"post_tag","embeddable":true,"href":"https:\/\/www.elsindical.com.ar\/notas\/wp-json\/wp\/v2\/tags?post=45040"}],"curies":[{"name":"wp","href":"https:\/\/api.w.org\/{rel}","templated":true}]}}