{"id":45024,"date":"2014-08-25T16:27:57","date_gmt":"2014-08-25T19:27:57","guid":{"rendered":"http:\/\/www.elsindical.com.ar\/notas\/?p=45024"},"modified":"2014-08-25T16:27:57","modified_gmt":"2014-08-25T19:27:57","slug":"se-desarrollo-en-avellaneda-la-jornada-integral-de-reflexion-y-prevencion-sobre-problematicas-sociales","status":"publish","type":"post","link":"https:\/\/www.elsindical.com.ar\/notas\/se-desarrollo-en-avellaneda-la-jornada-integral-de-reflexion-y-prevencion-sobre-problematicas-sociales\/","title":{"rendered":"Se desarroll\u00f3 en Avellaneda la Jornada integral de reflexi\u00f3n y prevenci\u00f3n sobre problem\u00e1ticas sociales"},"content":{"rendered":"<p><em><a href=\"http:\/\/www.elsindical.com.ar\/notas\/var\/www\/html\/notas\/wp-content\/uploads\/2014\/08\/MDA_1881.jpg\"><img loading=\"lazy\" decoding=\"async\" class=\"alignnone size-medium wp-image-45025\" src=\"http:\/\/www.elsindical.com.ar\/notas\/var\/www\/html\/notas\/wp-content\/uploads\/2014\/08\/MDA_1881-300x188.jpg\" alt=\"MDA_1881\" width=\"300\" height=\"188\" srcset=\"https:\/\/www.elsindical.com.ar\/notas\/var\/www\/html\/notas\/wp-content\/uploads\/2014\/08\/MDA_1881-300x188.jpg 300w, https:\/\/www.elsindical.com.ar\/notas\/var\/www\/html\/notas\/wp-content\/uploads\/2014\/08\/MDA_1881-478x300.jpg 478w, https:\/\/www.elsindical.com.ar\/notas\/var\/www\/html\/notas\/wp-content\/uploads\/2014\/08\/MDA_1881.jpg 620w\" sizes=\"auto, (max-width: 300px) 100vw, 300px\" \/><\/a>El Jefe Comunal y el Ministro Aparicio encabezaron la apertura acompa\u00f1ados por cientos de trabajadoras voluntarias vecinales.\u00a0<\/em><\/p>\n<p>El s\u00e1bado 23 de agosto se realiz\u00f3 la apertura de la jornada integral de reflexi\u00f3n y prevenci\u00f3n sobre problem\u00e1ticas sociales y el festejo del 19\u00ba aniversario del Plan provincial \u201cM\u00e1s Vida\u201d.<\/p>\n<p>El acto lo encabez\u00f3 el Intendente de Avellaneda, Ing. Jorge Ferraresi junto al Ministro de Desarrollo Social de la Pcia. De Buenos Aires, Eduardo Aparicio, en la Escuela N\u00ba 22, ubicada en Av. Mitre 2125.<\/p>\n<p>\u201cHoy podemos debatir diferentes problem\u00e1ticas sociales, en un momento del pa\u00eds, donde nos quieren hacer retroceder. Por eso es importante fortalecer el entramado social a trav\u00e9s del debate\u201d, expres\u00f3 el Jefe Comunal.<\/p>\n<p>Por su parte, el Ministro de Desarrollo Social agradeci\u00f3 a todas las personas que se sacrifican d\u00eda a d\u00eda para llevar a cabo \u201cesta pol\u00edtica social que es el Plan M\u00e1s Vida\u201d y \u201ca este Intendente que esta comprometido con la transformaci\u00f3n de la ciudad\u201d.<\/p>\n<p>Aparicio tambi\u00e9n se refiri\u00f3 al litigio con los Fondos Buitres y recalc\u00f3: \u201cVamos a estar al lado de nuestra Presidenta y del Gobernador, porque estar de ese lado es estar con el pueblo\u201d.<\/p>\n<p>Vale destacar que en la jornada se llevaron a cabo talleres de debate y discusi\u00f3n sobre diferentes problem\u00e1ticas sociales en donde se le brind\u00f3 herramientas de concientizaci\u00f3n a las \u00a0trabajadoras voluntarias vecinales para luego implementarlas en el barrio.<\/p>\n<p>Previamente, se entregaron tarjetas del programa Envi\u00f3n y se firm\u00f3 un convenio entre ambos funcionarios para el desarrollo en conjunto del plan provincial M\u00e1s Vida, que tiene el objetivo de mejorar las condiciones de nutrici\u00f3n, crecimiento y desarrollo de la poblaci\u00f3n materno infantil.<\/p>\n","protected":false},"excerpt":{"rendered":"<p>El Jefe Comunal y el Ministro Aparicio encabezaron la apertura acompa\u00f1ados por cientos de trabajadoras voluntarias vecinales.\u00a0 El s\u00e1bado 23 de agosto se realiz\u00f3 la apertura de la jornada integral de reflexi\u00f3n y prevenci\u00f3n sobre problem\u00e1ticas sociales y el festejo del 19\u00ba aniversario del Plan provincial \u201cM\u00e1s Vida\u201d. El acto lo encabez\u00f3 el Intendente de&hellip;<\/p>\n","protected":false},"author":1,"featured_media":0,"comment_status":"open","ping_status":"open","sticky":false,"template":"","format":"standard","meta":{"footnotes":""},"categories":[13],"tags":[461,19504,7121],"class_list":["post-45024","post","type-post","status-publish","format-standard","hentry","category-politica","tag-avellaneda","tag-eduardo-aparicio","tag-ing-jorge-ferraresi"],"_links":{"self":[{"href":"https:\/\/www.elsindical.com.ar\/notas\/wp-json\/wp\/v2\/posts\/45024","targetHints":{"allow":["GET"]}}],"collection":[{"href":"https:\/\/www.elsindical.com.ar\/notas\/wp-json\/wp\/v2\/posts"}],"about":[{"href":"https:\/\/www.elsindical.com.ar\/notas\/wp-json\/wp\/v2\/types\/post"}],"author":[{"embeddable":true,"href":"https:\/\/www.elsindical.com.ar\/notas\/wp-json\/wp\/v2\/users\/1"}],"replies":[{"embeddable":true,"href":"https:\/\/www.elsindical.com.ar\/notas\/wp-json\/wp\/v2\/comments?post=45024"}],"version-history":[{"count":1,"href":"https:\/\/www.elsindical.com.ar\/notas\/wp-json\/wp\/v2\/posts\/45024\/revisions"}],"predecessor-version":[{"id":45026,"href":"https:\/\/www.elsindical.com.ar\/notas\/wp-json\/wp\/v2\/posts\/45024\/revisions\/45026"}],"wp:attachment":[{"href":"https:\/\/www.elsindical.com.ar\/notas\/wp-json\/wp\/v2\/media?parent=45024"}],"wp:term":[{"taxonomy":"category","embeddable":true,"href":"https:\/\/www.elsindical.com.ar\/notas\/wp-json\/wp\/v2\/categories?post=45024"},{"taxonomy":"post_tag","embeddable":true,"href":"https:\/\/www.elsindical.com.ar\/notas\/wp-json\/wp\/v2\/tags?post=45024"}],"curies":[{"name":"wp","href":"https:\/\/api.w.org\/{rel}","templated":true}]}}