{"id":44959,"date":"2014-08-22T01:37:21","date_gmt":"2014-08-22T04:37:21","guid":{"rendered":"http:\/\/www.elsindical.com.ar\/notas\/?p=44959"},"modified":"2014-08-22T01:37:21","modified_gmt":"2014-08-22T04:37:21","slug":"un-dron-monitoreara-el-riachuelo","status":"publish","type":"post","link":"https:\/\/www.elsindical.com.ar\/notas\/un-dron-monitoreara-el-riachuelo\/","title":{"rendered":"Un dron monitorear\u00e1 el Riachuelo"},"content":{"rendered":"<p><em><a href=\"http:\/\/www.elsindical.com.ar\/notas\/var\/www\/html\/notas\/wp-content\/uploads\/2014\/08\/Drones-monitoreo.jpg\"><img loading=\"lazy\" decoding=\"async\" class=\"alignnone size-medium wp-image-44960\" src=\"http:\/\/www.elsindical.com.ar\/notas\/var\/www\/html\/notas\/wp-content\/uploads\/2014\/08\/Drones-monitoreo-300x172.jpg\" alt=\"Drones-monitoreo\" width=\"300\" height=\"172\" srcset=\"https:\/\/www.elsindical.com.ar\/notas\/var\/www\/html\/notas\/wp-content\/uploads\/2014\/08\/Drones-monitoreo-300x172.jpg 300w, https:\/\/www.elsindical.com.ar\/notas\/var\/www\/html\/notas\/wp-content\/uploads\/2014\/08\/Drones-monitoreo-500x286.jpg 500w, https:\/\/www.elsindical.com.ar\/notas\/var\/www\/html\/notas\/wp-content\/uploads\/2014\/08\/Drones-monitoreo.jpg 502w\" sizes=\"auto, (max-width: 300px) 100vw, 300px\" \/><\/a>El organismo encargado del cuidado y saneamiento de la cuenca prev\u00e9 adquirir el dispositivo para hacer<\/em> <b>relevamientos de la zona<\/b>.<\/p>\n<p>La Autoridad de la Cuenca Matanza-Riachuelo (<b>ACUMAR<\/b>) busca incursionar en el uso de drones para realizar tareas de monitoreo y relevamiento sobre el \u00e1rea en la que opera. El organismo adquirir\u00e1 un dispositivo mediante una licitaci\u00f3n, y en caso de que el ensayo sea exitoso podr\u00eda avanzar con otras compras.<\/p>\n<p>Fuentes de ACUMAR dijeron a\u00a0que la herramienta servir\u00e1 para hacer controles de tr\u00e1nsito, v\u00edas de circulaci\u00f3n y m\u00e1rgenes. Tambi\u00e9n se utilizar\u00e1 para observar las obras en curso y el camino de sirga, cuya accesibilidad est\u00e1 liberada en casi un 90%.<\/p>\n<p>El dron permitir\u00e1, adem\u00e1s, detectar de manera temprana <b>asentamientos precarios<\/b>, as\u00ed como la relocalizaci\u00f3n de las familias cuyas casillas fueron desmontadas por encontrarse en lugares de riesgo.<\/p>\n<p>Con la herramienta, el organismo prev\u00e9 hacerse de un informe cartogr\u00e1fico preciso, y tambi\u00e9n disponer de un instrumento eficiente para <b>inspeccionar zonas portuarias y polos petroqu\u00edmicos<\/b>.<\/p>\n<p>En el pliego licitatorio establece que las empresas que se presenten como oferentes deber\u00e1n capacitar tambi\u00e9n a personal de ACUMAR para que pueda operar el dron.<\/p>\n","protected":false},"excerpt":{"rendered":"<p>El organismo encargado del cuidado y saneamiento de la cuenca prev\u00e9 adquirir el dispositivo para hacer relevamientos de la zona. La Autoridad de la Cuenca Matanza-Riachuelo (ACUMAR) busca incursionar en el uso de drones para realizar tareas de monitoreo y relevamiento sobre el \u00e1rea en la que opera. El organismo adquirir\u00e1 un dispositivo mediante una&hellip;<\/p>\n","protected":false},"author":1,"featured_media":0,"comment_status":"open","ping_status":"open","sticky":false,"template":"","format":"standard","meta":{"footnotes":""},"categories":[25],"tags":[13480,8865,19486],"class_list":["post-44959","post","type-post","status-publish","format-standard","hentry","category-sociedad","tag-acumar","tag-cuenca-matanza-riachuelo","tag-dron"],"_links":{"self":[{"href":"https:\/\/www.elsindical.com.ar\/notas\/wp-json\/wp\/v2\/posts\/44959","targetHints":{"allow":["GET"]}}],"collection":[{"href":"https:\/\/www.elsindical.com.ar\/notas\/wp-json\/wp\/v2\/posts"}],"about":[{"href":"https:\/\/www.elsindical.com.ar\/notas\/wp-json\/wp\/v2\/types\/post"}],"author":[{"embeddable":true,"href":"https:\/\/www.elsindical.com.ar\/notas\/wp-json\/wp\/v2\/users\/1"}],"replies":[{"embeddable":true,"href":"https:\/\/www.elsindical.com.ar\/notas\/wp-json\/wp\/v2\/comments?post=44959"}],"version-history":[{"count":1,"href":"https:\/\/www.elsindical.com.ar\/notas\/wp-json\/wp\/v2\/posts\/44959\/revisions"}],"predecessor-version":[{"id":44961,"href":"https:\/\/www.elsindical.com.ar\/notas\/wp-json\/wp\/v2\/posts\/44959\/revisions\/44961"}],"wp:attachment":[{"href":"https:\/\/www.elsindical.com.ar\/notas\/wp-json\/wp\/v2\/media?parent=44959"}],"wp:term":[{"taxonomy":"category","embeddable":true,"href":"https:\/\/www.elsindical.com.ar\/notas\/wp-json\/wp\/v2\/categories?post=44959"},{"taxonomy":"post_tag","embeddable":true,"href":"https:\/\/www.elsindical.com.ar\/notas\/wp-json\/wp\/v2\/tags?post=44959"}],"curies":[{"name":"wp","href":"https:\/\/api.w.org\/{rel}","templated":true}]}}