{"id":44952,"date":"2014-08-22T00:49:59","date_gmt":"2014-08-22T03:49:59","guid":{"rendered":"http:\/\/www.elsindical.com.ar\/notas\/?p=44952"},"modified":"2014-08-22T00:49:59","modified_gmt":"2014-08-22T03:49:59","slug":"vecino-ajusticio-a-ladron-que-quiso-robarle","status":"publish","type":"post","link":"https:\/\/www.elsindical.com.ar\/notas\/vecino-ajusticio-a-ladron-que-quiso-robarle\/","title":{"rendered":"Vecino ajustici\u00f3 a ladr\u00f3n que quiso robarle"},"content":{"rendered":"<p><em><a href=\"http:\/\/www.elsindical.com.ar\/notas\/var\/www\/html\/notas\/wp-content\/uploads\/2010\/06\/disparo-pistola1.jpg\"><img loading=\"lazy\" decoding=\"async\" class=\"alignnone size-full wp-image-7450\" src=\"http:\/\/www.elsindical.com.ar\/notas\/var\/www\/html\/notas\/wp-content\/uploads\/2010\/06\/disparo-pistola1.jpg\" alt=\"disparo-pistola\" width=\"227\" height=\"191\" \/><\/a>En la noche del jueves, en la zona de Lope de Vega y Arregui, Versailles,\u00a0un delincuente fue ultimado por un hombre cuando intentaba robar en una vivienda. Interviene en la investigaci\u00f3n preliminar la comisar\u00eda 44.<\/em><\/p>\n<p>En Versailles, en jurisdicci\u00f3n de la comisar\u00eda 44 un intento de robo termin\u00f3 con el saldo de un delincuente muerto a manos de un vecino, que impidi\u00f3 que el malviviente concretara su objetivo.<\/p>\n","protected":false},"excerpt":{"rendered":"<p>En la noche del jueves, en la zona de Lope de Vega y Arregui, Versailles,\u00a0un delincuente fue ultimado por un hombre cuando intentaba robar en una vivienda. Interviene en la investigaci\u00f3n preliminar la comisar\u00eda 44. En Versailles, en jurisdicci\u00f3n de la comisar\u00eda 44 un intento de robo termin\u00f3 con el saldo de un delincuente muerto&hellip;<\/p>\n","protected":false},"author":1,"featured_media":0,"comment_status":"open","ping_status":"open","sticky":false,"template":"","format":"standard","meta":{"footnotes":""},"categories":[22],"tags":[19480,305,4380,19479],"class_list":["post-44952","post","type-post","status-publish","format-standard","hentry","category-policiales","tag-comisaria-44","tag-muerte","tag-vecino","tag-versailles"],"_links":{"self":[{"href":"https:\/\/www.elsindical.com.ar\/notas\/wp-json\/wp\/v2\/posts\/44952","targetHints":{"allow":["GET"]}}],"collection":[{"href":"https:\/\/www.elsindical.com.ar\/notas\/wp-json\/wp\/v2\/posts"}],"about":[{"href":"https:\/\/www.elsindical.com.ar\/notas\/wp-json\/wp\/v2\/types\/post"}],"author":[{"embeddable":true,"href":"https:\/\/www.elsindical.com.ar\/notas\/wp-json\/wp\/v2\/users\/1"}],"replies":[{"embeddable":true,"href":"https:\/\/www.elsindical.com.ar\/notas\/wp-json\/wp\/v2\/comments?post=44952"}],"version-history":[{"count":1,"href":"https:\/\/www.elsindical.com.ar\/notas\/wp-json\/wp\/v2\/posts\/44952\/revisions"}],"predecessor-version":[{"id":44953,"href":"https:\/\/www.elsindical.com.ar\/notas\/wp-json\/wp\/v2\/posts\/44952\/revisions\/44953"}],"wp:attachment":[{"href":"https:\/\/www.elsindical.com.ar\/notas\/wp-json\/wp\/v2\/media?parent=44952"}],"wp:term":[{"taxonomy":"category","embeddable":true,"href":"https:\/\/www.elsindical.com.ar\/notas\/wp-json\/wp\/v2\/categories?post=44952"},{"taxonomy":"post_tag","embeddable":true,"href":"https:\/\/www.elsindical.com.ar\/notas\/wp-json\/wp\/v2\/tags?post=44952"}],"curies":[{"name":"wp","href":"https:\/\/api.w.org\/{rel}","templated":true}]}}