{"id":44919,"date":"2014-08-20T15:08:42","date_gmt":"2014-08-20T18:08:42","guid":{"rendered":"http:\/\/www.elsindical.com.ar\/notas\/?p=44919"},"modified":"2014-08-20T15:08:42","modified_gmt":"2014-08-20T18:08:42","slug":"curto-los-travestis-tienen-una-enfermedad-no-es-normal-que-un-hombre-sea-una-mujer","status":"publish","type":"post","link":"https:\/\/www.elsindical.com.ar\/notas\/curto-los-travestis-tienen-una-enfermedad-no-es-normal-que-un-hombre-sea-una-mujer\/","title":{"rendered":"Curto: \u00abLos travestis tienen una enfermedad, no es normal que un hombre sea una mujer\u00bb"},"content":{"rendered":"<p><em><a href=\"http:\/\/www.elsindical.com.ar\/notas\/var\/www\/html\/notas\/wp-content\/uploads\/2014\/08\/Hugo-Curto.jpg\"><img loading=\"lazy\" decoding=\"async\" class=\"alignnone size-medium wp-image-44920\" src=\"http:\/\/www.elsindical.com.ar\/notas\/var\/www\/html\/notas\/wp-content\/uploads\/2014\/08\/Hugo-Curto-300x203.jpg\" alt=\"Hugo-Curto\" width=\"300\" height=\"203\" srcset=\"https:\/\/www.elsindical.com.ar\/notas\/var\/www\/html\/notas\/wp-content\/uploads\/2014\/08\/Hugo-Curto-300x203.jpg 300w, https:\/\/www.elsindical.com.ar\/notas\/var\/www\/html\/notas\/wp-content\/uploads\/2014\/08\/Hugo-Curto-442x300.jpg 442w, https:\/\/www.elsindical.com.ar\/notas\/var\/www\/html\/notas\/wp-content\/uploads\/2014\/08\/Hugo-Curto.jpg 502w\" sizes=\"auto, (max-width: 300px) 100vw, 300px\" \/><\/a>El intendente de Tres de Febrero pronunci\u00f3 frases explosivas sobre la diversidad sexual, pero invit\u00f3 a \u00abcomprender y no discriminar\u00bb. Adem\u00e1s pidi\u00f3 \u00abexportar\u00bb a los extranjeros que delinquen en el pa\u00eds. \u00abHablo de los de pa\u00edses lim\u00edtrofes, no de los europeos\u00bb, aclar\u00f3.<\/em><\/p>\n<div>Las recientes declaraciones de Jorge Lanata sobre la condici\u00f3n sexual de Florencia de la V y las expresiones de Sergio Berni respecto de los extranjeros que vienen a la Argentina a delinquir generaron una enorme pol\u00e9mica, pero hoy parecen suaves si se las compara con las frases que pronunci\u00f3 Hugo Curto.<\/div>\n<div><\/div>\n<div>El intendente de Tres de Febrero fue consultado esta ma\u00f1ana en <i>Rock&amp;Pop<\/i> sobre c\u00f3mo consideraba a los <b>travestis: \u00bfSon varones o mujeres?<\/b> La respuesta dej\u00f3 estupefactos a Ernesto Tenembaum (conductor del programa <i>Tierra de Locos<\/i>), a sus colaboradores y a los oyentes del ciclo radial.<\/div>\n<div>\n<p>\u00ab<b>El que es travesti es travesti, algunos son mujeres y otros son hombres. Algunos se operan y pasan a ser mujeres, es la ley de la vida. Son enfermedades que de alguna manera uno tiene que entender y comprender<\/b>\u00ab, analiz\u00f3 Curto. \u00ab<b>Ac\u00e1 hay una ley que al travesti le da la posibilidad de realizarse, nosotros no somos discriminadores<\/b>\u00ab, destac\u00f3.<\/p>\n<p>El jefe comunal intent\u00f3 cerrar el tema r\u00e1pidamente, pero ante otra pregunta reafirm\u00f3 y profundiz\u00f3 su concepto con una frase que seguramente tendr\u00e1 una enorme repercusi\u00f3n: \u00ab(Los travestis) <b>Tienen una enfermedad, algo deben tener porque no es normal que un hombre sea mujer. Igual hay que comprenderlo y entenderlo, yo acepto todo lo que no sea discriminatorio<\/b>\u00ab.<\/p>\n<p>Adem\u00e1s el hist\u00f3rico intendente bonaerense analiz\u00f3 la problem\u00e1tica del <b>delito y la participaci\u00f3n de los extranjeros<\/b> en los casos de inseguridad. \u00abLa gente lo que quiere es vivir con tranquilidad. Y cuando alguien que viene de otro pa\u00eds comete un delito grave contra un argentino,<b> pienso que habr\u00eda que poner un l\u00edmite, que el que delinque sea exportado al pa\u00eds de origen<\/b>\u00ab, reclam\u00f3.<\/p>\n<p>Las explosivas declaraciones de Curto provocaron una y otra vez las risas de los integrantes del programa, que no dudaron en profundizar las consultas sobre estos temas y lograron que las frases del dirigente pol\u00edtico fueran a\u00fan m\u00e1s resonantes.<\/p>\n<p>\u00ab<b>Yo les llamo extranjeros no a los que vinieron de Europa e hicieron su casa y criaron a sus hijos, yo hablo de los indocumentados y de otros que trabajan en la calle, que le quitan el empleo al argentino<\/b>\u00ab, apunt\u00f3 el l\u00edder bonaerense.<\/p>\n<p>\u00abLa mayor\u00eda son de origen lim\u00edtrofe, hay muchos chilenos, paraguayos, bolivianos, colombianos, ni hablamos de los europeos, sino de los lim\u00edtrofes. Hay un acuerdo por el Mercosur, pero habr\u00eda que afinarlo, porque es como si los argentinos fueran a los pa\u00edses lim\u00edtrofes, cometieran il\u00edcitos y los bancara el pa\u00eds afectado. <b>El Congreso deber\u00eda hacer una ley que posibilite que la condena la cumplan en el pa\u00eds de origen<\/b>\u00ab, sugiri\u00f3.<\/p>\n<\/div>\n","protected":false},"excerpt":{"rendered":"<p>El intendente de Tres de Febrero pronunci\u00f3 frases explosivas sobre la diversidad sexual, pero invit\u00f3 a \u00abcomprender y no discriminar\u00bb. Adem\u00e1s pidi\u00f3 \u00abexportar\u00bb a los extranjeros que delinquen en el pa\u00eds. \u00abHablo de los de pa\u00edses lim\u00edtrofes, no de los europeos\u00bb, aclar\u00f3. Las recientes declaraciones de Jorge Lanata sobre la condici\u00f3n sexual de Florencia de&hellip;<\/p>\n","protected":false},"author":1,"featured_media":0,"comment_status":"open","ping_status":"open","sticky":false,"template":"","format":"standard","meta":{"footnotes":""},"categories":[13],"tags":[19007,1387,10975],"class_list":["post-44919","post","type-post","status-publish","format-standard","hentry","category-politica","tag-hugo-curto","tag-travesti","tag-tres-de-febrero"],"_links":{"self":[{"href":"https:\/\/www.elsindical.com.ar\/notas\/wp-json\/wp\/v2\/posts\/44919","targetHints":{"allow":["GET"]}}],"collection":[{"href":"https:\/\/www.elsindical.com.ar\/notas\/wp-json\/wp\/v2\/posts"}],"about":[{"href":"https:\/\/www.elsindical.com.ar\/notas\/wp-json\/wp\/v2\/types\/post"}],"author":[{"embeddable":true,"href":"https:\/\/www.elsindical.com.ar\/notas\/wp-json\/wp\/v2\/users\/1"}],"replies":[{"embeddable":true,"href":"https:\/\/www.elsindical.com.ar\/notas\/wp-json\/wp\/v2\/comments?post=44919"}],"version-history":[{"count":1,"href":"https:\/\/www.elsindical.com.ar\/notas\/wp-json\/wp\/v2\/posts\/44919\/revisions"}],"predecessor-version":[{"id":44921,"href":"https:\/\/www.elsindical.com.ar\/notas\/wp-json\/wp\/v2\/posts\/44919\/revisions\/44921"}],"wp:attachment":[{"href":"https:\/\/www.elsindical.com.ar\/notas\/wp-json\/wp\/v2\/media?parent=44919"}],"wp:term":[{"taxonomy":"category","embeddable":true,"href":"https:\/\/www.elsindical.com.ar\/notas\/wp-json\/wp\/v2\/categories?post=44919"},{"taxonomy":"post_tag","embeddable":true,"href":"https:\/\/www.elsindical.com.ar\/notas\/wp-json\/wp\/v2\/tags?post=44919"}],"curies":[{"name":"wp","href":"https:\/\/api.w.org\/{rel}","templated":true}]}}