{"id":44860,"date":"2014-08-16T14:04:59","date_gmt":"2014-08-16T17:04:59","guid":{"rendered":"http:\/\/www.elsindical.com.ar\/notas\/?p=44860"},"modified":"2014-08-16T14:04:59","modified_gmt":"2014-08-16T17:04:59","slug":"castagneto-en-lomas-de-zamora-cristina-esta-defendiendo-nuestros-intereses-ante-al-mundo","status":"publish","type":"post","link":"https:\/\/www.elsindical.com.ar\/notas\/castagneto-en-lomas-de-zamora-cristina-esta-defendiendo-nuestros-intereses-ante-al-mundo\/","title":{"rendered":"Castagneto en Lomas de Zamora: \u201cCristina est\u00e1 defendiendo nuestros intereses ante al mundo\u201d"},"content":{"rendered":"<p><a href=\"http:\/\/www.elsindical.com.ar\/notas\/var\/www\/html\/notas\/wp-content\/uploads\/2014\/08\/Carlos-Castagneto-en-Lomas.jpg\"><img loading=\"lazy\" decoding=\"async\" class=\"alignnone size-medium wp-image-44861\" src=\"http:\/\/www.elsindical.com.ar\/notas\/var\/www\/html\/notas\/wp-content\/uploads\/2014\/08\/Carlos-Castagneto-en-Lomas-300x181.jpg\" alt=\"Carlos-Castagneto-en-Lomas\" width=\"300\" height=\"181\" srcset=\"https:\/\/www.elsindical.com.ar\/notas\/var\/www\/html\/notas\/wp-content\/uploads\/2014\/08\/Carlos-Castagneto-en-Lomas-300x181.jpg 300w, https:\/\/www.elsindical.com.ar\/notas\/var\/www\/html\/notas\/wp-content\/uploads\/2014\/08\/Carlos-Castagneto-en-Lomas-497x300.jpg 497w, https:\/\/www.elsindical.com.ar\/notas\/var\/www\/html\/notas\/wp-content\/uploads\/2014\/08\/Carlos-Castagneto-en-Lomas.jpg 502w\" sizes=\"auto, (max-width: 300px) 100vw, 300px\" \/><\/a>El\u00a0 secretario de Coordinaci\u00f3n y Monitoreo Institucional del Ministerio de Desarrollo Social, Carlos Castagneto, y el intendente de Lomas de Zamora, Santiago Alberto Carasatorre, encabezaron la entrega de aportes y pensiones no contributivas en el Parque Municipal Eva Per\u00f3n de ese distrito bonaerense.<\/p>\n<p>Durante el encuentro se comunicaron con la ministra de Desarrollo Social de la Naci\u00f3n, Alicia Kirchner, quien afirm\u00f3 que \u201ccuando entregamos pensiones estamos mejorando la vida de los que las reciben y de su entorno, porque realizan compras y este crecimiento del consumo dinamiza la econom\u00eda local\u201d, afirm\u00f3 la ministra. Y concluy\u00f3: \u201cEsto es inversi\u00f3n social\u201d.<\/p>\n<p>Por su parte, Castagneto resalt\u00f3 la importancia del trabajo conjunto entre Naci\u00f3n, Provincia y Municipio<strong><em>: \u201cGracias al trabajo conjunto hemos podido restituir derechos. Hoy tenemos un pa\u00eds con m\u00e1s salud, educaci\u00f3n e integraci\u00f3n\u201d,<\/em><\/strong>\u00a0asegur\u00f3.<\/p>\n<p>El funcionario nacional asegur\u00f3 que \u201c<strong><em>tenemos que acompa\u00f1ar m\u00e1s que nunca a Cristina porque est\u00e1 defendiendo nuestros intereses ante al mundo. Est\u00e1 defendiendo nuestros intereses frente a estos fondos buitre que quieren quedarse con todo, con \u00a0los derechos que se han restituido en la Argentina en la \u00faltima d\u00e9cada\u201d.<\/em><\/strong><\/p>\n<p>Castagneto tambi\u00e9n pidi\u00f3 \u201cmilitar casa por casa, barrio por barrio, para que estos derechos sigan a lo largo de los a\u00f1os en Argentina\u201d y no creer en los\u00a0<strong>\u201ccandidatos medi\u00e1ticos que dicen lo que las corporaciones les piden que digan\u201d.<\/strong><\/p>\n<p>Durante la jornada se hizo entrega de aportes a la Asociaci\u00f3n Civil El Puente Posible; al Consorcio de gesti\u00f3n Lomas de Zamora; a la Asociaci\u00f3n Civil Centro de Ayuda Comunitaria 11 de Agosto de Temperley y al Instituto Municipal de la Producci\u00f3n el Trabajo y el Comercio Exterior. Adem\u00e1s, en el marco de \u201cArgentina Trabaja, Ense\u00f1a y Aprende\u201d y el Plan FinNes se realiz\u00f3 la entrega de 300 diplomas de terminalidad educativa a mujeres del programa \u201cEllas Hacen\u201d.<\/p>\n<p>En el acto estuvieron presentes tambi\u00e9n la presidenta de la Comisi\u00f3n Nacional de Pensiones, Elisa Schoijet; la presidenta del Consejo Nacional de las Mujeres, Mariana Gras; y la coordinadora de Formaci\u00f3n para el Ingreso Social con Trabajo, Mary S\u00e1nchez. Por parte del municipio tambi\u00e9n se encontraba la subsecretaria de Desarrollo Social, Cristina Guti\u00e9rrez.<\/p>\n","protected":false},"excerpt":{"rendered":"<p>El\u00a0 secretario de Coordinaci\u00f3n y Monitoreo Institucional del Ministerio de Desarrollo Social, Carlos Castagneto, y el intendente de Lomas de Zamora, Santiago Alberto Carasatorre, encabezaron la entrega de aportes y pensiones no contributivas en el Parque Municipal Eva Per\u00f3n de ese distrito bonaerense. Durante el encuentro se comunicaron con la ministra de Desarrollo Social de&hellip;<\/p>\n","protected":false},"author":1,"featured_media":0,"comment_status":"open","ping_status":"open","sticky":false,"template":"","format":"standard","meta":{"footnotes":""},"categories":[13],"tags":[9985,19455,744,19456],"class_list":["post-44860","post","type-post","status-publish","format-standard","hentry","category-politica","tag-alicia-kirchner","tag-carlos-castagneto","tag-lomas-de-zamora","tag-santiago-carasatorre"],"_links":{"self":[{"href":"https:\/\/www.elsindical.com.ar\/notas\/wp-json\/wp\/v2\/posts\/44860","targetHints":{"allow":["GET"]}}],"collection":[{"href":"https:\/\/www.elsindical.com.ar\/notas\/wp-json\/wp\/v2\/posts"}],"about":[{"href":"https:\/\/www.elsindical.com.ar\/notas\/wp-json\/wp\/v2\/types\/post"}],"author":[{"embeddable":true,"href":"https:\/\/www.elsindical.com.ar\/notas\/wp-json\/wp\/v2\/users\/1"}],"replies":[{"embeddable":true,"href":"https:\/\/www.elsindical.com.ar\/notas\/wp-json\/wp\/v2\/comments?post=44860"}],"version-history":[{"count":1,"href":"https:\/\/www.elsindical.com.ar\/notas\/wp-json\/wp\/v2\/posts\/44860\/revisions"}],"predecessor-version":[{"id":44862,"href":"https:\/\/www.elsindical.com.ar\/notas\/wp-json\/wp\/v2\/posts\/44860\/revisions\/44862"}],"wp:attachment":[{"href":"https:\/\/www.elsindical.com.ar\/notas\/wp-json\/wp\/v2\/media?parent=44860"}],"wp:term":[{"taxonomy":"category","embeddable":true,"href":"https:\/\/www.elsindical.com.ar\/notas\/wp-json\/wp\/v2\/categories?post=44860"},{"taxonomy":"post_tag","embeddable":true,"href":"https:\/\/www.elsindical.com.ar\/notas\/wp-json\/wp\/v2\/tags?post=44860"}],"curies":[{"name":"wp","href":"https:\/\/api.w.org\/{rel}","templated":true}]}}