{"id":44768,"date":"2014-08-12T01:29:47","date_gmt":"2014-08-12T04:29:47","guid":{"rendered":"http:\/\/www.elsindical.com.ar\/notas\/?p=44768"},"modified":"2014-08-12T01:29:47","modified_gmt":"2014-08-12T04:29:47","slug":"hector-villagra-la-mentira-es-efimera","status":"publish","type":"post","link":"https:\/\/www.elsindical.com.ar\/notas\/hector-villagra-la-mentira-es-efimera\/","title":{"rendered":"H\u00e9ctor Villagra, la mentira es ef\u00edmera"},"content":{"rendered":"<p><a href=\"http:\/\/www.elsindical.com.ar\/notas\/var\/www\/html\/notas\/wp-content\/uploads\/2014\/08\/P1410528.jpg\"><img loading=\"lazy\" decoding=\"async\" class=\"alignnone size-medium wp-image-44775\" src=\"http:\/\/www.elsindical.com.ar\/notas\/var\/www\/html\/notas\/wp-content\/uploads\/2014\/08\/P1410528-300x195.jpg\" alt=\"P1410528\" width=\"300\" height=\"195\" srcset=\"https:\/\/www.elsindical.com.ar\/notas\/var\/www\/html\/notas\/wp-content\/uploads\/2014\/08\/P1410528-300x195.jpg 300w, https:\/\/www.elsindical.com.ar\/notas\/var\/www\/html\/notas\/wp-content\/uploads\/2014\/08\/P1410528-460x300.jpg 460w, https:\/\/www.elsindical.com.ar\/notas\/var\/www\/html\/notas\/wp-content\/uploads\/2014\/08\/P1410528.jpg 531w\" sizes=\"auto, (max-width: 300px) 100vw, 300px\" \/><\/a>H\u00e9ctor Hilario Villagra, argentino, soltero, empleado, DNI 11368349, CUIT 20-11368349-0, domicilio en\u00a0Zeballos N\u00b0 1674,\u00a0partido de Avellaneda, secretario general de la UOCRA Avellaneda-Lan\u00fas, concejal del HCD de Avellaneda, y referente hasta que no lo desmienta el gobernador Daniel Scioli de su espacio pol\u00edtico.<\/p>\n<p>Este hombre, que imposta no solo la forma de hablar, sino que trata de medir las palabras, de mostrarse sensible y conciliador, nos debe una respuesta a todos los periodistas que cubrimos su conferencia de prensa en el Concejo Deliberante de Avellaneda, cuando acus\u00f3 al esposo y asesor de la concejal Ver\u00f3nica Ju\u00e1rez de agredirlo y dijo sentir \u00abmiedo\u00bb.<\/p>\n<p>En esa oportunidad, los medios presentes solo se limitaron a escuchar el relato de Villagra y a de alguna manera darle pie a que cuente su versi\u00f3n de los hechos, por la pauta, por miedo o simplemente porque no les interesa cumplir con el trabajo de un periodista, las preguntas eran m\u00e1s de lo mismo, por lo que el Editor General del Multimedios El Sindical, fue el primero en preguntarle por las versiones que lo se\u00f1alaban a \u00e9l como un dirigente sindical enriquecido, que no controla las obras, de ser parte de varias empresas que suelen acceder a las obras m\u00e1s costosas en los partidos de Lan\u00fas y Avellaneda, adem\u00e1s de otras acusaciones, entre las que se encontraban la de llevar gente como custodios al mism\u00edsimo Concejo Deliberante,<a href=\"http:\/\/www.elsindical.com.ar\/notas\/escandalo-en-el-hcd-de-avellaneda-trompadas-denuncias-y-pedidos-de-denuncias\/\"> negando categ\u00f3ricamente que \u00e9l se moviera con gente, ya que repudiaba esa conducta.<\/a><\/p>\n<p>Como medio independiente que busca la verdad y mejorar las instituciones, comenzamos por investigar algunas cosas que segu\u00edan haciendo ruido, el d\u00eda de la conferencia de prensa en el despacho del concejal, luego de haber asegurado que el repudiaba las patotas, pudimos fotografiar a dos personas en el pasillo del Concejo haciendo de custodios.<\/p>\n<p>La historia se repiti\u00f3 en la \u00faltima sesi\u00f3n del viernes 8 de agosto, cuando las madres que concurrieron a pedir justicia por sus hijos muertos en la Cl\u00ednica Nuestra Se\u00f1ora de la Dulce Espera, no entend\u00edan qu\u00e9 hac\u00edan esos personajes que entraban y sal\u00edan del Concejo, mirando mal a todos, y con un aspecto de barrabrava m\u00e1s t\u00edpico de una cancha que de un recinto legislativo.<\/p>\n<p>Curiosamente, a nadie le import\u00f3 que esta gente entrara al recinto de sesiones, que se burlaran desde la puerta de todo lo que se hablaba, de hacer lo que quer\u00edan como si estuvieran en un lugar de juegos, y como vecino, como periodista quiero respuestas, del concejal Villagra, que deber\u00eda explicar sus mentiras, del presidente del HCD que permite est\u00e1s visitas desagradables, del resto de los concejales que parecen tener ceguera, porque ser\u00eda bueno que todos sepamos si esta complicidad es por miedo o por negocios.<\/p>\n<p>Ante esto, salimos a recorrer algunas obras por la ciudad de Avellaneda, y curiosamente, en ninguna de las que pudimos observar, se cumplen con las recomendaciones m\u00ednimas sobre seguridad, de la UOCRA y las que reglamentan la Superintendencia de Riesgos del Trabajo.<\/p>\n<p>El martes 5 de agosto, el diario La Calle, publica en su p\u00e1gina 4, bajo el t\u00edtulo \u00abDura denuncia de SITRAIC por obras habilitadas por coimas cobradas por la UOCRA\u00bb, en la nota <strong>V\u00edctor Grosi<\/strong>, secretario general y fundador de SITRAIC, dice <em><strong>\u00abLa UOCRA utiliza las denuncias como medio para cubrirse las espaldas frente a eventuales accidentes de este tipo, mientras negocia con los empresarios coimas a cambio de su silencio ante las p\u00e9simas condiciones laborales.\u00bb \u00abMientras los representantes gremiales de esta organizaci\u00f3n corrompida contin\u00faen haciendo de nuestra seguridad un negocio junto a las patronales y el gobierno, la vida de los trabajadores de la construcci\u00f3n seguir\u00e1 corriendo riesgo.\u00bb<\/strong><\/em><\/p>\n<p>Muchos deber\u00e1n tomar una posici\u00f3n al respecto de la conducta de Villagra, Gerardo Mart\u00ednez explicar por qu\u00e9 no se tomaron las denuncias de varios empresarios que aseguran haber sido \u00abpresionados\u00bb por el secretario general Villagra, el gobernador Scioli, para que explique si est\u00e1 es la persona que mejor lo representa en Avellaneda, el intendente Jorge Ferraresi sobre las versiones que lo se\u00f1alan como un aliado pol\u00edtico y socio en algunas obras, se abre una nueva etapa, donde todos los que fueron v\u00edctimas pueden reclamar y denunciar.<\/p>\n<p>Fueron muchas las advertencias de que publicar algo que moleste a Villagra es un riesgo muy alto, bueno, hago responsable a este se\u00f1or de cualquier cosa que ocurra en mi persona o familia.<\/p>\n<p>No todo tiene precio, no todos somos c\u00f3mplices y no todos le tememos a los personajes que atrasan muchos a\u00f1os, pero como todos, se\u00f1or Villagra usted puede hacer su descargo, al d\u00eda de la fecha solo demostr\u00f3 que miente.<\/p>\n<p><a href=\"http:\/\/www.elsindical.com.ar\/notas\/var\/www\/html\/notas\/wp-content\/uploads\/2014\/08\/imagen_6.jpg\"><img loading=\"lazy\" decoding=\"async\" class=\"alignnone size-medium wp-image-44776\" src=\"http:\/\/www.elsindical.com.ar\/notas\/var\/www\/html\/notas\/wp-content\/uploads\/2014\/08\/imagen_6-192x300.jpg\" alt=\"imagen_6\" width=\"192\" height=\"300\" srcset=\"https:\/\/www.elsindical.com.ar\/notas\/var\/www\/html\/notas\/wp-content\/uploads\/2014\/08\/imagen_6-192x300.jpg 192w, https:\/\/www.elsindical.com.ar\/notas\/var\/www\/html\/notas\/wp-content\/uploads\/2014\/08\/imagen_6.jpg 531w\" sizes=\"auto, (max-width: 192px) 100vw, 192px\" \/><\/a> <a href=\"http:\/\/www.elsindical.com.ar\/notas\/var\/www\/html\/notas\/wp-content\/uploads\/2014\/08\/P1410587.jpg\"><img loading=\"lazy\" decoding=\"async\" class=\"alignnone size-medium wp-image-44774\" src=\"http:\/\/www.elsindical.com.ar\/notas\/var\/www\/html\/notas\/wp-content\/uploads\/2014\/08\/P1410587-300x225.jpg\" alt=\"P1410587\" width=\"300\" height=\"225\" srcset=\"https:\/\/www.elsindical.com.ar\/notas\/var\/www\/html\/notas\/wp-content\/uploads\/2014\/08\/P1410587-300x225.jpg 300w, https:\/\/www.elsindical.com.ar\/notas\/var\/www\/html\/notas\/wp-content\/uploads\/2014\/08\/P1410587-398x300.jpg 398w, https:\/\/www.elsindical.com.ar\/notas\/var\/www\/html\/notas\/wp-content\/uploads\/2014\/08\/P1410587.jpg 531w\" sizes=\"auto, (max-width: 300px) 100vw, 300px\" \/><\/a> <a href=\"http:\/\/www.elsindical.com.ar\/notas\/var\/www\/html\/notas\/wp-content\/uploads\/2014\/08\/P1410682.jpg\"><img loading=\"lazy\" decoding=\"async\" class=\"alignnone size-medium wp-image-44773\" src=\"http:\/\/www.elsindical.com.ar\/notas\/var\/www\/html\/notas\/wp-content\/uploads\/2014\/08\/P1410682-300x179.jpg\" alt=\"P1410682\" width=\"300\" height=\"179\" srcset=\"https:\/\/www.elsindical.com.ar\/notas\/var\/www\/html\/notas\/wp-content\/uploads\/2014\/08\/P1410682-300x179.jpg 300w, https:\/\/www.elsindical.com.ar\/notas\/var\/www\/html\/notas\/wp-content\/uploads\/2014\/08\/P1410682-500x300.jpg 500w, https:\/\/www.elsindical.com.ar\/notas\/var\/www\/html\/notas\/wp-content\/uploads\/2014\/08\/P1410682.jpg 531w\" sizes=\"auto, (max-width: 300px) 100vw, 300px\" \/><\/a><a href=\"http:\/\/www.elsindical.com.ar\/notas\/var\/www\/html\/notas\/wp-content\/uploads\/2014\/08\/P1410774.jpg\"><img loading=\"lazy\" decoding=\"async\" class=\"alignnone size-medium wp-image-44780\" src=\"http:\/\/www.elsindical.com.ar\/notas\/var\/www\/html\/notas\/wp-content\/uploads\/2014\/08\/P1410774-300x211.jpg\" alt=\"P1410774\" width=\"300\" height=\"211\" srcset=\"https:\/\/www.elsindical.com.ar\/notas\/var\/www\/html\/notas\/wp-content\/uploads\/2014\/08\/P1410774-300x211.jpg 300w, https:\/\/www.elsindical.com.ar\/notas\/var\/www\/html\/notas\/wp-content\/uploads\/2014\/08\/P1410774-424x300.jpg 424w, https:\/\/www.elsindical.com.ar\/notas\/var\/www\/html\/notas\/wp-content\/uploads\/2014\/08\/P1410774.jpg 531w\" sizes=\"auto, (max-width: 300px) 100vw, 300px\" \/><\/a><a href=\"http:\/\/www.elsindical.com.ar\/notas\/var\/www\/html\/notas\/wp-content\/uploads\/2014\/08\/P1410765.jpg\"><img loading=\"lazy\" decoding=\"async\" class=\"alignnone size-medium wp-image-44781\" src=\"http:\/\/www.elsindical.com.ar\/notas\/var\/www\/html\/notas\/wp-content\/uploads\/2014\/08\/P1410765-300x225.jpg\" alt=\"P1410765\" width=\"300\" height=\"225\" srcset=\"https:\/\/www.elsindical.com.ar\/notas\/var\/www\/html\/notas\/wp-content\/uploads\/2014\/08\/P1410765-300x225.jpg 300w, https:\/\/www.elsindical.com.ar\/notas\/var\/www\/html\/notas\/wp-content\/uploads\/2014\/08\/P1410765-399x300.jpg 399w, https:\/\/www.elsindical.com.ar\/notas\/var\/www\/html\/notas\/wp-content\/uploads\/2014\/08\/P1410765.jpg 531w\" sizes=\"auto, (max-width: 300px) 100vw, 300px\" \/><\/a><\/p>\n<p>&nbsp;<\/p>\n<p><iframe loading=\"lazy\" src=\"\/\/www.youtube.com\/embed\/gSwSXHBF4L8?list=UUbParqdNFYJTnRa1N7putjg\" width=\"580\" height=\"420\" frameborder=\"0\" allowfullscreen=\"allowfullscreen\"><\/iframe><iframe loading=\"lazy\" src=\"\/\/www.youtube.com\/embed\/HfCnXY-5a1s?list=UUbParqdNFYJTnRa1N7putjg\" width=\"580\" height=\"420\" frameborder=\"0\" allowfullscreen=\"allowfullscreen\"><\/iframe><\/p>\n<p><em><strong>\u00a0Por Marcelo Ricardo Hawrylciw<\/strong><\/em><\/p>\n","protected":false},"excerpt":{"rendered":"<p>H\u00e9ctor Hilario Villagra, argentino, soltero, empleado, DNI 11368349, CUIT 20-11368349-0, domicilio en\u00a0Zeballos N\u00b0 1674,\u00a0partido de Avellaneda, secretario general de la UOCRA Avellaneda-Lan\u00fas, concejal del HCD de Avellaneda, y referente hasta que no lo desmienta el gobernador Daniel Scioli de su espacio pol\u00edtico. Este hombre, que imposta no solo la forma de hablar, sino que trata&hellip;<\/p>\n","protected":false},"author":1,"featured_media":0,"comment_status":"open","ping_status":"open","sticky":false,"template":"","format":"standard","meta":{"footnotes":""},"categories":[10],"tags":[461,16587,16470,209,1228,12779,19436],"class_list":["post-44768","post","type-post","status-publish","format-standard","hentry","category-editorial","tag-avellaneda","tag-hcd","tag-hector-villagra","tag-lanus","tag-uocra","tag-veronica-juarez","tag-victos-grosi"],"_links":{"self":[{"href":"https:\/\/www.elsindical.com.ar\/notas\/wp-json\/wp\/v2\/posts\/44768","targetHints":{"allow":["GET"]}}],"collection":[{"href":"https:\/\/www.elsindical.com.ar\/notas\/wp-json\/wp\/v2\/posts"}],"about":[{"href":"https:\/\/www.elsindical.com.ar\/notas\/wp-json\/wp\/v2\/types\/post"}],"author":[{"embeddable":true,"href":"https:\/\/www.elsindical.com.ar\/notas\/wp-json\/wp\/v2\/users\/1"}],"replies":[{"embeddable":true,"href":"https:\/\/www.elsindical.com.ar\/notas\/wp-json\/wp\/v2\/comments?post=44768"}],"version-history":[{"count":8,"href":"https:\/\/www.elsindical.com.ar\/notas\/wp-json\/wp\/v2\/posts\/44768\/revisions"}],"predecessor-version":[{"id":44782,"href":"https:\/\/www.elsindical.com.ar\/notas\/wp-json\/wp\/v2\/posts\/44768\/revisions\/44782"}],"wp:attachment":[{"href":"https:\/\/www.elsindical.com.ar\/notas\/wp-json\/wp\/v2\/media?parent=44768"}],"wp:term":[{"taxonomy":"category","embeddable":true,"href":"https:\/\/www.elsindical.com.ar\/notas\/wp-json\/wp\/v2\/categories?post=44768"},{"taxonomy":"post_tag","embeddable":true,"href":"https:\/\/www.elsindical.com.ar\/notas\/wp-json\/wp\/v2\/tags?post=44768"}],"curies":[{"name":"wp","href":"https:\/\/api.w.org\/{rel}","templated":true}]}}