{"id":44764,"date":"2014-08-11T21:54:57","date_gmt":"2014-08-12T00:54:57","guid":{"rendered":"http:\/\/www.elsindical.com.ar\/notas\/?p=44764"},"modified":"2014-08-11T21:54:57","modified_gmt":"2014-08-12T00:54:57","slug":"la-obra-social-osecac-solicito-el-derecho-a-replica","status":"publish","type":"post","link":"https:\/\/www.elsindical.com.ar\/notas\/la-obra-social-osecac-solicito-el-derecho-a-replica\/","title":{"rendered":"La Obra Social OSECAC solicit\u00f3 el derecho a r\u00e9plica"},"content":{"rendered":"<p><a href=\"http:\/\/www.elsindical.com.ar\/notas\/var\/www\/html\/notas\/wp-content\/uploads\/2014\/08\/Baja-Dulce-Espera-2.jpg\"><img loading=\"lazy\" decoding=\"async\" class=\"alignnone size-medium wp-image-44766\" src=\"http:\/\/www.elsindical.com.ar\/notas\/var\/www\/html\/notas\/wp-content\/uploads\/2014\/08\/Baja-Dulce-Espera-2-217x300.jpg\" alt=\"Baja-Dulce-Espera-2\" width=\"217\" height=\"300\" srcset=\"https:\/\/www.elsindical.com.ar\/notas\/var\/www\/html\/notas\/wp-content\/uploads\/2014\/08\/Baja-Dulce-Espera-2-217x300.jpg 217w, https:\/\/www.elsindical.com.ar\/notas\/var\/www\/html\/notas\/wp-content\/uploads\/2014\/08\/Baja-Dulce-Espera-2.jpg 620w\" sizes=\"auto, (max-width: 217px) 100vw, 217px\" \/><\/a> Luego de las publicaciones sobre los damnificados de la Cl\u00ednica Nuestra Se\u00f1ora de la Dulce Espera, en la que se mencionara entre otras obras sociales a la de empleados de comercio OSECAC, el titular del SECLA, Pedro Orlando Machado, solicit\u00f3 a nuestro medio que le di\u00e9ramos el espacio para aclarar que la obra social OSECAC, no tiene desde hace ya tiempo v\u00ednculo alguno con la mencionada cl\u00ednica.<\/p>\n<p>Para certificar sus dichos nos envi\u00f3 copia de las notificaciones formales y legales cursadas a la cl\u00ednica, reconociendo que fueron muchos los reclamos de los afiliados respecto a la atenci\u00f3n y el servicio que la cl\u00ednica brindaba.<\/p>\n<p>Tal vez esta acertada acci\u00f3n, hubiera evitado m\u00e1s muertes si otras obras sociales como la Mutual de Trabajadores Municipales de Avellaneda, de la cual Hern\u00e1n Doval es presidente\u00a0y el Sindicato de Trabajadores Municipales de Avellaneda\u00a0del que es Secretario General Adjunto, secundando a Rub\u00e9n Cholito Garc\u00eda, quien adem\u00e1s es presidente de la\u00a0Federaci\u00f3n de Sindicatos Municipales Bonaerenses, muchos cargos, pero al parecer poca responsabilidad para con los afiliados.<\/p>\n<p><a href=\"http:\/\/www.elsindical.com.ar\/notas\/var\/www\/html\/notas\/wp-content\/uploads\/2014\/08\/Baja-Dulce-Espera-1.jpg\"><img loading=\"lazy\" decoding=\"async\" class=\"alignnone size-medium wp-image-44765\" src=\"http:\/\/www.elsindical.com.ar\/notas\/var\/www\/html\/notas\/wp-content\/uploads\/2014\/08\/Baja-Dulce-Espera-1-218x300.jpg\" alt=\"Baja-Dulce-Espera-1\" width=\"218\" height=\"300\" srcset=\"https:\/\/www.elsindical.com.ar\/notas\/var\/www\/html\/notas\/wp-content\/uploads\/2014\/08\/Baja-Dulce-Espera-1-218x300.jpg 218w, https:\/\/www.elsindical.com.ar\/notas\/var\/www\/html\/notas\/wp-content\/uploads\/2014\/08\/Baja-Dulce-Espera-1.jpg 620w\" sizes=\"auto, (max-width: 218px) 100vw, 218px\" \/><\/a><\/p>\n<p>&nbsp;<\/p>\n","protected":false},"excerpt":{"rendered":"<p>Luego de las publicaciones sobre los damnificados de la Cl\u00ednica Nuestra Se\u00f1ora de la Dulce Espera, en la que se mencionara entre otras obras sociales a la de empleados de comercio OSECAC, el titular del SECLA, Pedro Orlando Machado, solicit\u00f3 a nuestro medio que le di\u00e9ramos el espacio para aclarar que la obra social OSECAC,&hellip;<\/p>\n","protected":false},"author":1,"featured_media":0,"comment_status":"open","ping_status":"open","sticky":false,"template":"","format":"standard","meta":{"footnotes":""},"categories":[16],"tags":[19084,19402,175,2111,17286,17285,7023,3141,509],"class_list":["post-44764","post","type-post","status-publish","format-standard","hentry","category-gremiales","tag-cholito-ruben-garcia","tag-clinica-de-nuestra-senora-de-la-dulce-espera","tag-denuncia","tag-fesimubo","tag-hernan-doval","tag-mutrama","tag-osecac","tag-stma","tag-victimas"],"_links":{"self":[{"href":"https:\/\/www.elsindical.com.ar\/notas\/wp-json\/wp\/v2\/posts\/44764","targetHints":{"allow":["GET"]}}],"collection":[{"href":"https:\/\/www.elsindical.com.ar\/notas\/wp-json\/wp\/v2\/posts"}],"about":[{"href":"https:\/\/www.elsindical.com.ar\/notas\/wp-json\/wp\/v2\/types\/post"}],"author":[{"embeddable":true,"href":"https:\/\/www.elsindical.com.ar\/notas\/wp-json\/wp\/v2\/users\/1"}],"replies":[{"embeddable":true,"href":"https:\/\/www.elsindical.com.ar\/notas\/wp-json\/wp\/v2\/comments?post=44764"}],"version-history":[{"count":1,"href":"https:\/\/www.elsindical.com.ar\/notas\/wp-json\/wp\/v2\/posts\/44764\/revisions"}],"predecessor-version":[{"id":44767,"href":"https:\/\/www.elsindical.com.ar\/notas\/wp-json\/wp\/v2\/posts\/44764\/revisions\/44767"}],"wp:attachment":[{"href":"https:\/\/www.elsindical.com.ar\/notas\/wp-json\/wp\/v2\/media?parent=44764"}],"wp:term":[{"taxonomy":"category","embeddable":true,"href":"https:\/\/www.elsindical.com.ar\/notas\/wp-json\/wp\/v2\/categories?post=44764"},{"taxonomy":"post_tag","embeddable":true,"href":"https:\/\/www.elsindical.com.ar\/notas\/wp-json\/wp\/v2\/tags?post=44764"}],"curies":[{"name":"wp","href":"https:\/\/api.w.org\/{rel}","templated":true}]}}