{"id":44698,"date":"2014-08-07T17:54:37","date_gmt":"2014-08-07T20:54:37","guid":{"rendered":"http:\/\/www.elsindical.com.ar\/notas\/?p=44698"},"modified":"2014-08-07T17:55:29","modified_gmt":"2014-08-07T20:55:29","slug":"mauricio-macri-visito-quilmes-y-despejo-dudas-el-concejal-nunzio-va-por-la-intendencia","status":"publish","type":"post","link":"https:\/\/www.elsindical.com.ar\/notas\/mauricio-macri-visito-quilmes-y-despejo-dudas-el-concejal-nunzio-va-por-la-intendencia\/","title":{"rendered":"Mauricio Macri visit\u00f3 Quilmes y despejo dudas el concejal Nunzio va por la intendencia"},"content":{"rendered":"<p><a href=\"http:\/\/www.elsindical.com.ar\/notas\/var\/www\/html\/notas\/wp-content\/uploads\/2014\/08\/Nunzio-Quilmes.jpg\"><img loading=\"lazy\" decoding=\"async\" class=\"alignnone size-medium wp-image-44699\" src=\"http:\/\/www.elsindical.com.ar\/notas\/var\/www\/html\/notas\/wp-content\/uploads\/2014\/08\/Nunzio-Quilmes-300x181.jpg\" alt=\"Nunzio-Quilmes\" width=\"300\" height=\"181\" srcset=\"https:\/\/www.elsindical.com.ar\/notas\/var\/www\/html\/notas\/wp-content\/uploads\/2014\/08\/Nunzio-Quilmes-300x181.jpg 300w, https:\/\/www.elsindical.com.ar\/notas\/var\/www\/html\/notas\/wp-content\/uploads\/2014\/08\/Nunzio-Quilmes-494x300.jpg 494w, https:\/\/www.elsindical.com.ar\/notas\/var\/www\/html\/notas\/wp-content\/uploads\/2014\/08\/Nunzio-Quilmes.jpg 531w\" sizes=\"auto, (max-width: 300px) 100vw, 300px\" \/><\/a>En la ma\u00f1ana del s\u00e1bado 2 de agosto el Jefe Porte\u00f1o, Mauricio Macri, arrib\u00f3 a Quilmes en tren desde Berazategui y, pese a la lluvia, se acerc\u00f3 a la mesa que hab\u00edan instalado all\u00ed militantes del Concejal Miguel Nunzio y de la dirigente Sonia Cassiccia<\/p>\n<p>Consultado por la prensa local destac\u00f3 el trabajo del dirigente local Concejal Nunzio Miguel trabajando con miras a la Intendencia del 2015, y Walter que se suma, habla de Walter Queijeiro.<\/p>\n<p>&nbsp;<\/p>\n<p><iframe loading=\"lazy\" src=\"http:\/\/www.ivoox.com\/player_ej_3384272_2_1.html?data=lJillpebdo6ZmKiakpeJd6KlmpKSmaiRdo6ZmKiakpKJe6ShkZKSmaiRkcLp087Qy9SPkcLX086Y2M7XrdWZpJiSpJiPldbdzdLS1ZDdb8XZ1NXSzNSPqNbYwtiYx9GPp9DixMqah5ynca7V08jSztSPlsrXwtfR0ZCspdjm2tHQy9yRaZi3jpk%3D&amp;\" width=\"100%\" height=\"120\" frameborder=\"0\" scrolling=\"no\" allowfullscreen=\"allowfullscreen\"><\/iframe><\/p>\n<p>&nbsp;<\/p>\n<p>&nbsp;<\/p>\n<p>&nbsp;<\/p>\n","protected":false},"excerpt":{"rendered":"<p>En la ma\u00f1ana del s\u00e1bado 2 de agosto el Jefe Porte\u00f1o, Mauricio Macri, arrib\u00f3 a Quilmes en tren desde Berazategui y, pese a la lluvia, se acerc\u00f3 a la mesa que hab\u00edan instalado all\u00ed militantes del Concejal Miguel Nunzio y de la dirigente Sonia Cassiccia Consultado por la prensa local destac\u00f3 el trabajo del dirigente&hellip;<\/p>\n","protected":false},"author":1,"featured_media":0,"comment_status":"open","ping_status":"open","sticky":false,"template":"","format":"standard","meta":{"footnotes":""},"categories":[13],"tags":[5488,76,19421,684,19422],"class_list":["post-44698","post","type-post","status-publish","format-standard","hentry","category-politica","tag-intendencia","tag-mauricio-macri","tag-miguel-nunzio","tag-quilmes","tag-walter-queijeiro"],"_links":{"self":[{"href":"https:\/\/www.elsindical.com.ar\/notas\/wp-json\/wp\/v2\/posts\/44698","targetHints":{"allow":["GET"]}}],"collection":[{"href":"https:\/\/www.elsindical.com.ar\/notas\/wp-json\/wp\/v2\/posts"}],"about":[{"href":"https:\/\/www.elsindical.com.ar\/notas\/wp-json\/wp\/v2\/types\/post"}],"author":[{"embeddable":true,"href":"https:\/\/www.elsindical.com.ar\/notas\/wp-json\/wp\/v2\/users\/1"}],"replies":[{"embeddable":true,"href":"https:\/\/www.elsindical.com.ar\/notas\/wp-json\/wp\/v2\/comments?post=44698"}],"version-history":[{"count":3,"href":"https:\/\/www.elsindical.com.ar\/notas\/wp-json\/wp\/v2\/posts\/44698\/revisions"}],"predecessor-version":[{"id":44702,"href":"https:\/\/www.elsindical.com.ar\/notas\/wp-json\/wp\/v2\/posts\/44698\/revisions\/44702"}],"wp:attachment":[{"href":"https:\/\/www.elsindical.com.ar\/notas\/wp-json\/wp\/v2\/media?parent=44698"}],"wp:term":[{"taxonomy":"category","embeddable":true,"href":"https:\/\/www.elsindical.com.ar\/notas\/wp-json\/wp\/v2\/categories?post=44698"},{"taxonomy":"post_tag","embeddable":true,"href":"https:\/\/www.elsindical.com.ar\/notas\/wp-json\/wp\/v2\/tags?post=44698"}],"curies":[{"name":"wp","href":"https:\/\/api.w.org\/{rel}","templated":true}]}}