{"id":44689,"date":"2014-08-06T20:54:14","date_gmt":"2014-08-06T23:54:14","guid":{"rendered":"http:\/\/www.elsindical.com.ar\/notas\/?p=44689"},"modified":"2014-08-06T20:54:14","modified_gmt":"2014-08-06T23:54:14","slug":"mateando-en-el-concejo-fatigando-la-infamia","status":"publish","type":"post","link":"https:\/\/www.elsindical.com.ar\/notas\/mateando-en-el-concejo-fatigando-la-infamia\/","title":{"rendered":"Mateando en el Concejo, fatigando la infamia"},"content":{"rendered":"<p><a href=\"http:\/\/www.elsindical.com.ar\/notas\/var\/www\/html\/notas\/wp-content\/uploads\/2014\/08\/charla-sobre-curas-villeros.jpg\"><img loading=\"lazy\" decoding=\"async\" class=\"alignnone size-medium wp-image-44693\" src=\"http:\/\/www.elsindical.com.ar\/notas\/var\/www\/html\/notas\/wp-content\/uploads\/2014\/08\/charla-sobre-curas-villeros-300x224.jpg\" alt=\"charla-sobre-curas-villeros\" width=\"300\" height=\"224\" srcset=\"https:\/\/www.elsindical.com.ar\/notas\/var\/www\/html\/notas\/wp-content\/uploads\/2014\/08\/charla-sobre-curas-villeros-300x224.jpg 300w, https:\/\/www.elsindical.com.ar\/notas\/var\/www\/html\/notas\/wp-content\/uploads\/2014\/08\/charla-sobre-curas-villeros-400x300.jpg 400w, https:\/\/www.elsindical.com.ar\/notas\/var\/www\/html\/notas\/wp-content\/uploads\/2014\/08\/charla-sobre-curas-villeros.jpg 502w\" sizes=\"auto, (max-width: 300px) 100vw, 300px\" \/><\/a>Existen hechos sociales que no pueden ser pasados por alto, quienes tenemos el oficio de informar, los que vivimos el periodismo con el precepto \u00abperiodismo es publicar, lo que alguien no quiere que publiques, todo lo dem\u00e1s es relaciones p\u00fablicas\u00bb, George Orwell. Estamos atentos a esa noticia que parece intrascendente, porque justamente vivimos en un mundo donde muchas veces lo evidente pasa desapercibido.<\/p>\n<p>Con la actual conducci\u00f3n del HCD de Avellaneda, llegaron muchos cambios, algunos buenos y necesarios y otros simplemente son una caricia al ego de quien los ha propuesto y llevado adelante.<\/p>\n<p>En ese universo de cambios, se remodelaron varias oficinas, se hicieron arreglos y reformas en el recinto de sesiones, y se acondicionaron sectores como el acondicionamiento de la Biblioteca del HCD Azucena Villaflor, sal\u00f3n de comisiones en el segundo piso del Concejo, Deliberante. Para quien conozca por dentro el lugar, podr\u00e1 notar que existen importantes diferencias entre los despachos de algunos concejales y otros, los recursos que deber\u00edan administrar se de forma equitativa para todos los miembros del lugar, suelen tener un criterio de aplicaci\u00f3n diferente.<\/p>\n<p>Durante una de las pocas entrevistas que pudimos obtener con el Secretario del HCD, el Ing. Roberto Sicari, este se ufanaba de ser el ide\u00f3logo de una propuesta diferente, crear un espacio de apertura a los vecinos con debates pol\u00edticos en el \u00e1mbito del HCD, crear un bolet\u00edn, tener una oficina de prensa y \u201cvendernos\u201d a los vecinos que todo este gasto es en beneficio de la participaci\u00f3n ciudadana, algo sano para la democracia, pero que luego choca con el incumplimiento por ejemplo de la Ordenanza que reglamente el uso de la Banca 25, as\u00ed son nuestros funcionarios y pol\u00edticos, un poco contradictorios.<\/p>\n<p>Obviamente que el uso de la Banca 25 no genera ning\u00fan gasto, y organizar las charlas, hoy \u201cmateadas en el Concejo\u201d tienen otra finalidad y presupuesto.<\/p>\n<p>Desde su puesta en funcionamiento, estas mateadas, han estado muy lejos de la participaci\u00f3n libre de los vecinos, de hecho, todas han sido a la fecha, con actores pol\u00edticos, militantes y allegados a las agrupaciones pol\u00edticas que apoyan el modelo, una de las m\u00e1s incoherentes \u201cmateadas\u201d, fue la que se convoc\u00f3 a la Subsecretaria de Seguridad, M\u00f3nica Viviana Ghirelli, con los concejales del bloque oficialistas, donde sin la menor verg\u00fcenza el Presidente del bloque Jorge Degli Innocenti posteo en las redes sociales que mientras el resto de los concejales no trabajaba, ellos estaban ocup\u00e1ndose de la inseguridad, parece que no les fue muy bien en lo que hayan pretendido llevar adelante.<\/p>\n<p>Todo proyecto de participaci\u00f3n ciudadana, es siempre un aporte a la comunidad, pero cuando el uso de los recursos se desvirt\u00faa y a nadie parece preocuparle, mucho menos a los concejales, quienes varios de ellos, consultados por este medio, respecto a la importancia de las reuniones \u201cmateando en el Concejo\u201d y el gasto que insumen, ninguno pudo siquiera aproximar un gasto por cada charla. No hemos podido encontrar en su despacho al Presidente del Concejo Hugo Barrueco, el cual suele pasar m\u00e1s tiempo en la oficina cercana al intendente que en el despacho del Concejo, tampoco tuvimos \u00e9xito con el Secretario Sicari, el que cuando no est\u00e1 en las mateadas, est\u00e1 muy, pero muy ocupado para atender a los vecinos o los medios de prensa que no cuentan con pauta, es decir, los medios independientes.<\/p>\n<p>Quiz\u00e1s, una de las cosas m\u00e1s contradictorias e hip\u00f3critas que uno puede observar, se dio hoy cuando en las redes sociales, subieron fotos de lo que denominaron \u201cmateando en el Concejo sobre los curas villeros\u201d, donde uno puede observar que las fotos muestran un panorama muy distinto del escenario en el que trabajan todos los d\u00edas los curas villeros. Es bizarro, ver\u00a0 a gente muy c\u00f3moda, con coquetos mates, caf\u00e9, t\u00e9, facturas, cigarrillos, asientos c\u00f3modos, plasmas y cuadros de artistas, charlar sobre el trabajo en las villas, mientras miran sus mensajes en smartphones de media y alta gama.<\/p>\n<p>Como periodista, como vecinos, le pido al Ing. Sicari que ya que el HCD tiene una hermosa p\u00e1gina Web, hagan p\u00fablicos los gastos del Concejo, si no puede hacerlo o no quiere, que sean el resto de los concejales, como representantes nuestros los que propongan se publiquen los gastos realizados, que as\u00ed como Naci\u00f3n y Provincia tienen publicados al personal contratado con sueldo y funciones, todos podamos saber qui\u00e9nes est\u00e1n trabajando en el HCD, para que podamos hacer una pol\u00edtica mejor y m\u00e1s transparente.<\/p>\n<p>&nbsp;<\/p>\n<p><em><strong>Por Marcelo Ricardo Hawrylciw<\/strong><\/em><\/p>\n<p>&nbsp;<\/p>\n","protected":false},"excerpt":{"rendered":"<p>Existen hechos sociales que no pueden ser pasados por alto, quienes tenemos el oficio de informar, los que vivimos el periodismo con el precepto \u00abperiodismo es publicar, lo que alguien no quiere que publiques, todo lo dem\u00e1s es relaciones p\u00fablicas\u00bb, George Orwell. Estamos atentos a esa noticia que parece intrascendente, porque justamente vivimos en un&hellip;<\/p>\n","protected":false},"author":1,"featured_media":0,"comment_status":"open","ping_status":"open","sticky":false,"template":"","format":"standard","meta":{"footnotes":""},"categories":[10],"tags":[461,16587,19420,19380],"class_list":["post-44689","post","type-post","status-publish","format-standard","hentry","category-editorial","tag-avellaneda","tag-hcd","tag-mateando-en-el-concejo","tag-roberto-sicari"],"_links":{"self":[{"href":"https:\/\/www.elsindical.com.ar\/notas\/wp-json\/wp\/v2\/posts\/44689","targetHints":{"allow":["GET"]}}],"collection":[{"href":"https:\/\/www.elsindical.com.ar\/notas\/wp-json\/wp\/v2\/posts"}],"about":[{"href":"https:\/\/www.elsindical.com.ar\/notas\/wp-json\/wp\/v2\/types\/post"}],"author":[{"embeddable":true,"href":"https:\/\/www.elsindical.com.ar\/notas\/wp-json\/wp\/v2\/users\/1"}],"replies":[{"embeddable":true,"href":"https:\/\/www.elsindical.com.ar\/notas\/wp-json\/wp\/v2\/comments?post=44689"}],"version-history":[{"count":3,"href":"https:\/\/www.elsindical.com.ar\/notas\/wp-json\/wp\/v2\/posts\/44689\/revisions"}],"predecessor-version":[{"id":44694,"href":"https:\/\/www.elsindical.com.ar\/notas\/wp-json\/wp\/v2\/posts\/44689\/revisions\/44694"}],"wp:attachment":[{"href":"https:\/\/www.elsindical.com.ar\/notas\/wp-json\/wp\/v2\/media?parent=44689"}],"wp:term":[{"taxonomy":"category","embeddable":true,"href":"https:\/\/www.elsindical.com.ar\/notas\/wp-json\/wp\/v2\/categories?post=44689"},{"taxonomy":"post_tag","embeddable":true,"href":"https:\/\/www.elsindical.com.ar\/notas\/wp-json\/wp\/v2\/tags?post=44689"}],"curies":[{"name":"wp","href":"https:\/\/api.w.org\/{rel}","templated":true}]}}