{"id":44684,"date":"2014-08-06T19:34:58","date_gmt":"2014-08-06T22:34:58","guid":{"rendered":"http:\/\/www.elsindical.com.ar\/notas\/?p=44684"},"modified":"2014-08-06T19:34:58","modified_gmt":"2014-08-06T22:34:58","slug":"hogares-de-transito-gratuitos-para-municipales-de-la-provincia","status":"publish","type":"post","link":"https:\/\/www.elsindical.com.ar\/notas\/hogares-de-transito-gratuitos-para-municipales-de-la-provincia\/","title":{"rendered":"Hogares de Tr\u00e1nsito gratuitos para municipales de la Provincia"},"content":{"rendered":"<p><a href=\"http:\/\/www.elsindical.com.ar\/notas\/var\/www\/html\/notas\/wp-content\/uploads\/2014\/08\/Hogar-La-Plata.jpg\"><img loading=\"lazy\" decoding=\"async\" class=\"alignnone size-medium wp-image-44685\" src=\"http:\/\/www.elsindical.com.ar\/notas\/var\/www\/html\/notas\/wp-content\/uploads\/2014\/08\/Hogar-La-Plata-300x200.jpg\" alt=\"Hogar-La-Plata\" width=\"300\" height=\"200\" srcset=\"https:\/\/www.elsindical.com.ar\/notas\/var\/www\/html\/notas\/wp-content\/uploads\/2014\/08\/Hogar-La-Plata-300x200.jpg 300w, https:\/\/www.elsindical.com.ar\/notas\/var\/www\/html\/notas\/wp-content\/uploads\/2014\/08\/Hogar-La-Plata-449x300.jpg 449w, https:\/\/www.elsindical.com.ar\/notas\/var\/www\/html\/notas\/wp-content\/uploads\/2014\/08\/Hogar-La-Plata.jpg 502w\" sizes=\"auto, (max-width: 300px) 100vw, 300px\" \/><\/a>La Federaci\u00f3n de Sindicato de Trabajadores Municipales de la Provincia de Buenos Aires brinda un servicio de alojamiento gratuito para sus afiliados y familiares, que por razones de internaciones o tratamientos m\u00e9dicos, controles, seguimientos de enfermedades cr\u00f3nicas y otras circunstancias, requieran de un lugar de residencia temporaria alejados de sus hogares.<\/p>\n<p>La cobertura se presta con sedes propias en las ciudades de La Plata y Mar del Plata, a las que se suman Bah\u00eda Blanca y Jun\u00edn con servicios contratados de hoteler\u00eda, abarcado de esta manera distritos de distintas regiones bonaerenses reconocidos como centros de referencia de salud y que cuentan con diversos servicios hospitalarios p\u00fablicos y privados.<\/p>\n<p>El Secretario de Obras y Servicios Sociales de la FSTMPBA, Eduardo Avellaneda, especific\u00f3 al respecto que \u201cen todos los casos el tr\u00e1mite de solicitud para hacer uso de estos alojamientos, debe efectuarse ante cada gremio local y la Federaci\u00f3n es la que de manera inmediata aprueba y autoriza la cobertura\u201d.<\/p>\n<p><strong>56 habitaciones en La Plata\u00a0<\/strong><\/p>\n<p>En el caso puntual de la ciudad de La Plata, funciona el Hogar Ger\u00f3nimo Izetta, ubicado en calle 11 N\u00b0 1.828, entre 69 y 70, con un total de 56 habitaciones. Este Hogar que se inaugur\u00f3 el 8 de noviembre de 1992 y entr\u00f3 en funcionamiento el 23 de enero de 1993, est\u00e1 ubicado en cercan\u00edas de importantes centros de salud platenses como el Hospital de Ni\u00f1os, el Policl\u00ednico General San Mart\u00edn, el San Juan de Dios y otros institutos sanitarios.<\/p>\n<p>Laura Cufr\u00e9, encargada del establecimiento capitalino explic\u00f3 que \u201cla persona que llega desde del interior tiene su lugar propio y no debe abonar nada, ya que se lo cubre desde la Federaci\u00f3n\u201d,\u00a0 sobre lo que agreg\u00f3 que no se imponen l\u00edmites de tiempo para el alojamiento, \u201ceso va de acuerdo a la necesidad del compa\u00f1ero municipal, hay familias que a veces requieren permanecer muchos meses por los distintos tipos de tratamientos\u201d.<\/p>\n<p>En este lugar cada municipal junto a un familiar, tienen a disposici\u00f3n una habitaci\u00f3n individual totalmente equipada y el edificio contiene un sector de comedor y de cocina. Ocho son las personas que prestan distintos servicios en el Hogar Izetta, las que adem\u00e1s de sus tareas habituales ofrecen otros tipos de asistencias y atenciones, \u201cmuchas veces actuamos como gu\u00edas y dando direcciones o tel\u00e9fonos de los hospitales y en otras ocasiones recomendamos lugares que se pueden visitar en La Plata de manera gratuita, para pasar un rato divertido cuando las situaciones as\u00ed se lo permiten\u201d,<\/p>\n<p>La mayor\u00eda de los casos que llegan a este centro est\u00e1n vinculados con ni\u00f1os que necesitan de atenci\u00f3n m\u00e9dica, \u201cmuchos de ellos con enfermedades que requieren de un largo tiempo de internaci\u00f3n o de tratamientos\u201d. La encargada tambi\u00e9n agradeci\u00f3 los constantes aportes de mercader\u00edas y otros art\u00edculos que realizan sindicatos locales y la misma Federaci\u00f3n, \u201cesto sirve para cada familia que se encuentra alojada, porque de lo \u00fanico que se deben hacer cargo es de su comida, pero con estos aportes se cubre buena parte de esas necesidades, teniendo en cuenta adem\u00e1s que algunos tienen dietas espec\u00edficas para cumplir\u201d.<\/p>\n<p><strong>Cobertura en Mar del Plata<\/strong><\/p>\n<p><a href=\"http:\/\/www.elsindical.com.ar\/notas\/var\/www\/html\/notas\/wp-content\/uploads\/2014\/08\/Hogar-Md-Plata-3.jpg\"><img loading=\"lazy\" decoding=\"async\" class=\"size-medium wp-image-44687 aligncenter\" src=\"http:\/\/www.elsindical.com.ar\/notas\/var\/www\/html\/notas\/wp-content\/uploads\/2014\/08\/Hogar-Md-Plata-3-300x200.jpg\" alt=\"Hogar-Md-Plata-3\" width=\"300\" height=\"200\" srcset=\"https:\/\/www.elsindical.com.ar\/notas\/var\/www\/html\/notas\/wp-content\/uploads\/2014\/08\/Hogar-Md-Plata-3-300x200.jpg 300w, https:\/\/www.elsindical.com.ar\/notas\/var\/www\/html\/notas\/wp-content\/uploads\/2014\/08\/Hogar-Md-Plata-3-449x300.jpg 449w, https:\/\/www.elsindical.com.ar\/notas\/var\/www\/html\/notas\/wp-content\/uploads\/2014\/08\/Hogar-Md-Plata-3.jpg 502w\" sizes=\"auto, (max-width: 300px) 100vw, 300px\" \/><\/a><\/p>\n<p>En el mes de agosto de 2013, se inauguraron diez habitaciones y un sector de cocina en el hotel Ger\u00f3nimo Izetta de la ciudad de Mar del Plata.<\/p>\n<p>Por medio de la obra encarada desde el Consejo Directivo de la Federaci\u00f3n, se recuperaron espacios en el sector trasero del complejo hotelero ubicado en pleno centro marplatense sobre calle Corrientes N\u00ba 2055.<\/p>\n<p>\u201cRecuperamos la parte trasera de la planta baja del hotel, la Comisi\u00f3n Directiva de la Federaci\u00f3n tom\u00f3 la decisi\u00f3n de refaccionar todas estas habitaciones que quedaron con un excelente confort y equipamiento\u201d, destac\u00f3 el Secretario Federativo de Obras y Servicios Sociales.<\/p>\n<p>Las habitaciones cuentan pr\u00e1cticamente con las mismas comodidades que las dispuestas para el turismo habitual, \u201ccada cuarto tiene dos camas, ba\u00f1o individual y calefacci\u00f3n\u201d.<\/p>\n<p>\u201cEs un servicio totalmente gratuito para los trabajadores municipales y sus familiares que requieran atenderse por problemas de salud en Mar del Plata, tienen un lugar para estar durante el tiempo que su atenci\u00f3n y tratamiento m\u00e9dico lo requiera\u201d.<\/p>\n<p><strong>Servicios en Jun\u00edn y Bah\u00eda Blanca<\/strong><\/p>\n<p><a href=\"http:\/\/www.elsindical.com.ar\/notas\/var\/www\/html\/notas\/wp-content\/uploads\/2014\/08\/Hogar-Md-Plata-1.jpg\"><img loading=\"lazy\" decoding=\"async\" class=\"size-medium wp-image-44686 aligncenter\" src=\"http:\/\/www.elsindical.com.ar\/notas\/var\/www\/html\/notas\/wp-content\/uploads\/2014\/08\/Hogar-Md-Plata-1-300x200.jpg\" alt=\"Hogar-Md-Plata-1\" width=\"300\" height=\"200\" srcset=\"https:\/\/www.elsindical.com.ar\/notas\/var\/www\/html\/notas\/wp-content\/uploads\/2014\/08\/Hogar-Md-Plata-1-300x200.jpg 300w, https:\/\/www.elsindical.com.ar\/notas\/var\/www\/html\/notas\/wp-content\/uploads\/2014\/08\/Hogar-Md-Plata-1-449x300.jpg 449w, https:\/\/www.elsindical.com.ar\/notas\/var\/www\/html\/notas\/wp-content\/uploads\/2014\/08\/Hogar-Md-Plata-1.jpg 502w\" sizes=\"auto, (max-width: 300px) 100vw, 300px\" \/><\/a><\/p>\n<p>En las ciudades de Jun\u00edn y Bah\u00eda Blanca y para sus zonas de influencia, tambi\u00e9n se da cobertura de este servicio de alojamientos, en estos casos en hoteles contratados espec\u00edficamente para este fin.<\/p>\n<p>Para el caso de Jun\u00edn, la Federaci\u00f3n de Trabajadores Municipales de la Provincia de Buenos Aires, firm\u00f3 un convenio con el Hotel Azul, ubicado en Avenida Intendente de la Sota N\u00ba 100 (esquina Lavalle), muy pr\u00f3ximo a los lugares de atenci\u00f3n m\u00e9dica, para que puedan alojarse sin cargo el afiliado o familiar directo hasta un m\u00e1ximo de dos personas.<\/p>\n<p>A efectos de coordinar y efectuar las reservas correspondientes, se design\u00f3 para este caso a Mario Fadel, Secretario General del Sindicato Municipal de Chacabuco. Quienes requieran el servicio, deben presentarse en el establecimiento hotelero acompa\u00f1ando fotocopia de documento de identidad y recibo de sueldo. En este caso la cobertura abarca a los trabajadores municipales de las localidades de General Villegas, General Pinto, General Arenales, General Viamonte, Ameghino, Lincoln, Jun\u00edn, Chacabuco, Rivadavia, Nueve de Julio y Vedia.<\/p>\n<p>Para tr\u00e1mites y consultas, los solicitantes deben comunicarse con el mencionado representante a los n\u00fameros telef\u00f3nicos: 02352-28895 (Sindicato de Trabajadores Municipales de Chacabuco); 02352-431554 (particular); 02352-15480484 (celular).<\/p>\n<p>En la ciudad de Bah\u00eda Blanca y su zona de influencia, el alojamiento se presta de igual manera en el hotel \u201cLa Navarra\u201d, ubicado en Avenida Lainez esquina Cramer (N\u00ba 1330), tel\u00e9fono (0291)481441, con el cual nuestra entidad rubric\u00f3 un convenio de cobertura. El complejo cuenta con habitaciones adecuadas para el servicio contratado y se encuentra instalado frente al Hospital Penna.<\/p>\n","protected":false},"excerpt":{"rendered":"<p>La Federaci\u00f3n de Sindicato de Trabajadores Municipales de la Provincia de Buenos Aires brinda un servicio de alojamiento gratuito para sus afiliados y familiares, que por razones de internaciones o tratamientos m\u00e9dicos, controles, seguimientos de enfermedades cr\u00f3nicas y otras circunstancias, requieran de un lugar de residencia temporaria alejados de sus hogares. La cobertura se presta&hellip;<\/p>\n","protected":false},"author":1,"featured_media":0,"comment_status":"open","ping_status":"open","sticky":false,"template":"","format":"standard","meta":{"footnotes":""},"categories":[16],"tags":[365,19336,19419,7748,239,1673,4056],"class_list":["post-44684","post","type-post","status-publish","format-standard","hentry","category-gremiales","tag-bahia-blanca","tag-fstmpba","tag-hogares-de-transito","tag-junin","tag-la-plata","tag-mar-del-plata","tag-municipales"],"_links":{"self":[{"href":"https:\/\/www.elsindical.com.ar\/notas\/wp-json\/wp\/v2\/posts\/44684","targetHints":{"allow":["GET"]}}],"collection":[{"href":"https:\/\/www.elsindical.com.ar\/notas\/wp-json\/wp\/v2\/posts"}],"about":[{"href":"https:\/\/www.elsindical.com.ar\/notas\/wp-json\/wp\/v2\/types\/post"}],"author":[{"embeddable":true,"href":"https:\/\/www.elsindical.com.ar\/notas\/wp-json\/wp\/v2\/users\/1"}],"replies":[{"embeddable":true,"href":"https:\/\/www.elsindical.com.ar\/notas\/wp-json\/wp\/v2\/comments?post=44684"}],"version-history":[{"count":1,"href":"https:\/\/www.elsindical.com.ar\/notas\/wp-json\/wp\/v2\/posts\/44684\/revisions"}],"predecessor-version":[{"id":44688,"href":"https:\/\/www.elsindical.com.ar\/notas\/wp-json\/wp\/v2\/posts\/44684\/revisions\/44688"}],"wp:attachment":[{"href":"https:\/\/www.elsindical.com.ar\/notas\/wp-json\/wp\/v2\/media?parent=44684"}],"wp:term":[{"taxonomy":"category","embeddable":true,"href":"https:\/\/www.elsindical.com.ar\/notas\/wp-json\/wp\/v2\/categories?post=44684"},{"taxonomy":"post_tag","embeddable":true,"href":"https:\/\/www.elsindical.com.ar\/notas\/wp-json\/wp\/v2\/tags?post=44684"}],"curies":[{"name":"wp","href":"https:\/\/api.w.org\/{rel}","templated":true}]}}