{"id":44681,"date":"2014-08-06T17:43:30","date_gmt":"2014-08-06T20:43:30","guid":{"rendered":"http:\/\/www.elsindical.com.ar\/notas\/?p=44681"},"modified":"2014-08-06T17:43:30","modified_gmt":"2014-08-06T20:43:30","slug":"mensaje-enviado-a-la-concejal-de-la-ucr-y-presidenta-de-la-comision-del-salud-del-hcd-de-avellaneda","status":"publish","type":"post","link":"https:\/\/www.elsindical.com.ar\/notas\/mensaje-enviado-a-la-concejal-de-la-ucr-y-presidenta-de-la-comision-del-salud-del-hcd-de-avellaneda\/","title":{"rendered":"Mensaje enviado a la concejal de la UCR y presidenta de la Comisi\u00f3n del Salud del HCD de Avellaneda"},"content":{"rendered":"<p><a href=\"http:\/\/www.elsindical.com.ar\/notas\/var\/www\/html\/notas\/wp-content\/uploads\/2014\/08\/Miriam-Grai\u00f1o-concejal-UCR.jpg\"><img loading=\"lazy\" decoding=\"async\" class=\"alignnone size-medium wp-image-44682\" src=\"http:\/\/www.elsindical.com.ar\/notas\/var\/www\/html\/notas\/wp-content\/uploads\/2014\/08\/Miriam-Grai\u00f1o-concejal-UCR-278x300.jpg\" alt=\"Miriam-Grai\u00f1o-concejal-UCR\" width=\"278\" height=\"300\" srcset=\"https:\/\/www.elsindical.com.ar\/notas\/var\/www\/html\/notas\/wp-content\/uploads\/2014\/08\/Miriam-Grai\u00f1o-concejal-UCR-278x300.jpg 278w, https:\/\/www.elsindical.com.ar\/notas\/var\/www\/html\/notas\/wp-content\/uploads\/2014\/08\/Miriam-Grai\u00f1o-concejal-UCR.jpg 425w\" sizes=\"auto, (max-width: 278px) 100vw, 278px\" \/><\/a>Estimada Miriam:<\/p>\n<p>me dirijo a usted como presidenta de la Comisi\u00f3n de Salud del HCD de Avellaneda, sumamente preocupado por la cantidad de denuncias que hemos recibido en nuestro multimedios de pacientes, hoy v\u00edctimas de la Cl\u00ednica Nuestra Se\u00f1ora de la Dulce Espera, ubicada en la localidad de Sarand\u00ed en la calle Gra. Ferr\u00e9 521. Que estimo debe conocer porque los empleados del municipio y del concejo la tienen por el sindicato y la obra social, de los empleados municipales de Avellaneda, instituciones que han continuado con este prestador a pesar de las muertes y las denuncias, incluso han sido demandadas juntamente con la cl\u00ednica.<\/p>\n<p>Llama la atenci\u00f3n que las denuncias, muchas de las cuales a\u00fan se encuentran en la justicia, no hayan sido valoradas por los concejales, ya que no se trata solamente de una mala atenci\u00f3n, sino que han muerte beb\u00e9s y personas sin que nadie repare en que esta cl\u00ednica que hoy podemos denominar del \u00abhorror\u00bb funciona sin problemas, mucho menos al parecer controles.<\/p>\n<p>Con esto, es necesario saber cu\u00e1l es su posici\u00f3n frente a estos hechos graves, y conocer los motivos por los cu\u00e1les nunca se solicito un pedido de informes al respecto.<\/p>\n<p>Sin m\u00e1s saluda atentamente.<\/p>\n<p><em><strong>Marcelo Ricardo Hawrylciw<\/strong><\/em><br \/>\n<em><strong>Editor General del Multimedios El Sindical<\/strong><\/em><br \/>\n<em><strong>www.elsindical.com.ar<\/strong><\/em><\/p>\n","protected":false},"excerpt":{"rendered":"<p>Estimada Miriam: me dirijo a usted como presidenta de la Comisi\u00f3n de Salud del HCD de Avellaneda, sumamente preocupado por la cantidad de denuncias que hemos recibido en nuestro multimedios de pacientes, hoy v\u00edctimas de la Cl\u00ednica Nuestra Se\u00f1ora de la Dulce Espera, ubicada en la localidad de Sarand\u00ed en la calle Gra. Ferr\u00e9 521.&hellip;<\/p>\n","protected":false},"author":1,"featured_media":0,"comment_status":"open","ping_status":"open","sticky":false,"template":"","format":"standard","meta":{"footnotes":""},"categories":[13],"tags":[461,19417,4888,16587,15336,2330,1826],"class_list":["post-44681","post","type-post","status-publish","format-standard","hentry","category-politica","tag-avellaneda","tag-clinica-nuestra-senora-de-la-dulce-espera","tag-concejal","tag-hcd","tag-miriam-graino","tag-sarandi","tag-ucr"],"_links":{"self":[{"href":"https:\/\/www.elsindical.com.ar\/notas\/wp-json\/wp\/v2\/posts\/44681","targetHints":{"allow":["GET"]}}],"collection":[{"href":"https:\/\/www.elsindical.com.ar\/notas\/wp-json\/wp\/v2\/posts"}],"about":[{"href":"https:\/\/www.elsindical.com.ar\/notas\/wp-json\/wp\/v2\/types\/post"}],"author":[{"embeddable":true,"href":"https:\/\/www.elsindical.com.ar\/notas\/wp-json\/wp\/v2\/users\/1"}],"replies":[{"embeddable":true,"href":"https:\/\/www.elsindical.com.ar\/notas\/wp-json\/wp\/v2\/comments?post=44681"}],"version-history":[{"count":1,"href":"https:\/\/www.elsindical.com.ar\/notas\/wp-json\/wp\/v2\/posts\/44681\/revisions"}],"predecessor-version":[{"id":44683,"href":"https:\/\/www.elsindical.com.ar\/notas\/wp-json\/wp\/v2\/posts\/44681\/revisions\/44683"}],"wp:attachment":[{"href":"https:\/\/www.elsindical.com.ar\/notas\/wp-json\/wp\/v2\/media?parent=44681"}],"wp:term":[{"taxonomy":"category","embeddable":true,"href":"https:\/\/www.elsindical.com.ar\/notas\/wp-json\/wp\/v2\/categories?post=44681"},{"taxonomy":"post_tag","embeddable":true,"href":"https:\/\/www.elsindical.com.ar\/notas\/wp-json\/wp\/v2\/tags?post=44681"}],"curies":[{"name":"wp","href":"https:\/\/api.w.org\/{rel}","templated":true}]}}