{"id":44599,"date":"2014-08-03T14:48:41","date_gmt":"2014-08-03T17:48:41","guid":{"rendered":"http:\/\/www.elsindical.com.ar\/notas\/?p=44599"},"modified":"2014-08-03T17:06:48","modified_gmt":"2014-08-03T20:06:48","slug":"gravisima-denuncia-contra-clinica-de-avellaneda","status":"publish","type":"post","link":"https:\/\/www.elsindical.com.ar\/notas\/gravisima-denuncia-contra-clinica-de-avellaneda\/","title":{"rendered":"Grav\u00edsima denuncia contra cl\u00ednica de Avellaneda"},"content":{"rendered":"<p><a href=\"http:\/\/www.elsindical.com.ar\/notas\/var\/www\/html\/notas\/wp-content\/uploads\/2014\/08\/Noah.jpg\"><img loading=\"lazy\" decoding=\"async\" class=\"alignnone size-medium wp-image-44603\" src=\"http:\/\/www.elsindical.com.ar\/notas\/var\/www\/html\/notas\/wp-content\/uploads\/2014\/08\/Noah-225x300.jpg\" alt=\"Noah\" width=\"225\" height=\"300\" srcset=\"https:\/\/www.elsindical.com.ar\/notas\/var\/www\/html\/notas\/wp-content\/uploads\/2014\/08\/Noah-225x300.jpg 225w, https:\/\/www.elsindical.com.ar\/notas\/var\/www\/html\/notas\/wp-content\/uploads\/2014\/08\/Noah.jpg 502w\" sizes=\"auto, (max-width: 225px) 100vw, 225px\" \/><\/a>Los padres de un beb\u00e9 que muri\u00f3 luego de varias internaciones y altas, en una de las peores agon\u00edas que puede padecer un ser humano, como lo es vivir con episodios constantes de asfixia, con una falta intolerable de respeto por la vida y las personas, al montar escenas para enga\u00f1ar a los padres sobre la salud de la criatura.<\/p>\n<p>Es totalmente repudiable el accionar de los m\u00e9dicos involucrados, es responsabilidad de los responsables de la cl\u00ednica asumir ahora las consecuencias de sus actos, pero en esta y en otras muertes, como denuncias de mala praxis que tienen a la <a href=\"http:\/\/www.clinicadulceespera.com.ar\/\">Cl\u00ednica de Nuestra Se\u00f1ora de la Dulce Espera<\/a>, ubicada en la calle Gral. Ferr\u00e9 521, de la localidad de Avellaneda, partido de Buenos Aires, involucra a m\u00e1s actores, al Estado por no controlar, por habilitar cl\u00ednicas sin verificar si est\u00e1n en condiciones de cumplir con lo que ofrecen.<\/p>\n<p>En una lucha desigual, Antonella y Walter, intentan evitar que esto se repita\u00a0y tener justicia para Noah Nicol\u00e1s Le\u00f3n L\u00f3pez, su beb\u00e9, el que agoniz\u00f3, padeci\u00f3 sin que esto conmoviera ese esp\u00edritu de vocaci\u00f3n por salvar vidas que uno espera de los m\u00e9dicos, especialmente de los que se dedican a los m\u00e1s fr\u00e1giles.<\/p>\n<p>Pero no quiero como periodista limitar mi apreciaci\u00f3n a la responsabilidad de la cl\u00ednica y los m\u00e9dicos denunciados, que seguramente es la m\u00e1s importante, existe un desinter\u00e9s reprochable de parte del sindicato que conduce el secretario general Basso Antonio Natalio y la obra social OSPIM ( Obra Social del Personal de la Industria Maderera), tambi\u00e9n presidida por Basso,\u00a0cuya delegaci\u00f3n\u00a0se encuentra en la calle Estanislao Zeballos 1081 de Avellaneda,\u00a0que no se ocuparon durante y despu\u00e9s de lo que vivi\u00f3 la familia de Noah, a\u00fan hoy han dejado a una familia sola lidiando con una instituci\u00f3n que para que tengan en cuenta muchos, tiene a varios sindicatos como clientes.<\/p>\n<p>En una entrevista dura, de esas que siempre duelen escuchar, los pap\u00e1s nos cuentan lo dif\u00edcil que es hacer que su caso se conozca, han recurrido a muchos medios sin que les dieran un espacio, han llamado y escrito a funcionarios sin \u00e9xito, nos mencionaron que reci\u00e9n hace d\u00edas la concejal Ver\u00f3nica Ju\u00e1rez del HCD de Avellaneda, mostr\u00f3 inter\u00e9s, que les pidi\u00f3 le redacten una nota contando su caso para ver c\u00f3mo pod\u00eda ayudarlos, y por la difusi\u00f3n que tienen las redes sociales, llegaron a nuestro medio, para saber si pod\u00edamos escucharlos.<\/p>\n<p>Hoy compartimos con ustedes, nuestros lectores el caso y las palabras de los padres, mientras investigamos y seguimos el caso, esperamos que el inter\u00e9s de la concejal Ju\u00e1rez sirva para ayudar a estos padres, que los funcionarios del municipio, del Ministerio de Salud de la provincia de Buenos Aires, que las autoridades del sindicato y la obra social se ocupen del caso, que el Colegio de M\u00e9dicos local abra una investigaci\u00f3n, que la Defensor\u00eda del Pueblo de Avellaneda, se ponga en contacto con los padres y siga el tema para tranquilidad de todos los vecinos y los que tienen en la cartilla de su obra social esta cl\u00ednica, por Noah y por todos los que no han tenido justicia.<\/p>\n<p>Mientras esperan hay una p\u00e1gina en Facebook donde muchos acompa\u00f1an a los pap\u00e1s y aportan su experiencia en la cl\u00ednica, <a href=\"https:\/\/www.facebook.com\/pages\/Cerremos-la-clinica-Nuestra-se%C3%B1ora-de-la-dulce-espera-de-Sarand%C3%AC\/1504131353135920?sk=timeline\">Cerremos la Cl\u00ednica Nuestra Se\u00f1ora de la Dulce Espera de Sarand\u00ed.<\/a><\/p>\n<p><iframe loading=\"lazy\" src=\"\/\/www.youtube.com\/embed\/MWwh_wybUU4\" width=\"580\" height=\"420\" frameborder=\"0\" allowfullscreen=\"allowfullscreen\"><\/iframe><iframe loading=\"lazy\" src=\"http:\/\/www.ivoox.com\/player_ej_3372339_2_1.html?data=lJiklJiXfY6ZmKialZyJd6KolJKSmaiRdo6ZmKiakpKJe6ShkZKSmaiRi9PV14qwlYqliNTdzsaYxsrSuc%2FXysaYxdTSuNPVjMjZh6iXaaK4z87Qw5DIqYy118rZzsbSqcXVjoqkpZKxpdPXxtHcjbfNp8LmxdSYqsbbttrgxM7kj4qbh46o&amp;\" width=\"100%\" height=\"120\" frameborder=\"0\" scrolling=\"no\" allowfullscreen=\"allowfullscreen\"><\/iframe><\/p>\n<p><em><strong>\u00a0Por Marcelo Ricardo Hawrylciw<\/strong><\/em><\/p>\n","protected":false},"excerpt":{"rendered":"<p>Los padres de un beb\u00e9 que muri\u00f3 luego de varias internaciones y altas, en una de las peores agon\u00edas que puede padecer un ser humano, como lo es vivir con episodios constantes de asfixia, con una falta intolerable de respeto por la vida y las personas, al montar escenas para enga\u00f1ar a los padres sobre&hellip;<\/p>\n","protected":false},"author":1,"featured_media":0,"comment_status":"open","ping_status":"open","sticky":false,"template":"","format":"standard","meta":{"footnotes":""},"categories":[6,1],"tags":[361,19402,305,19401],"class_list":["post-44599","post","type-post","status-publish","format-standard","hentry","category-denuncias","category-destacadas","tag-bebe","tag-clinica-de-nuestra-senora-de-la-dulce-espera","tag-muerte","tag-noah-nicolas-leon-lopez"],"_links":{"self":[{"href":"https:\/\/www.elsindical.com.ar\/notas\/wp-json\/wp\/v2\/posts\/44599","targetHints":{"allow":["GET"]}}],"collection":[{"href":"https:\/\/www.elsindical.com.ar\/notas\/wp-json\/wp\/v2\/posts"}],"about":[{"href":"https:\/\/www.elsindical.com.ar\/notas\/wp-json\/wp\/v2\/types\/post"}],"author":[{"embeddable":true,"href":"https:\/\/www.elsindical.com.ar\/notas\/wp-json\/wp\/v2\/users\/1"}],"replies":[{"embeddable":true,"href":"https:\/\/www.elsindical.com.ar\/notas\/wp-json\/wp\/v2\/comments?post=44599"}],"version-history":[{"count":7,"href":"https:\/\/www.elsindical.com.ar\/notas\/wp-json\/wp\/v2\/posts\/44599\/revisions"}],"predecessor-version":[{"id":44610,"href":"https:\/\/www.elsindical.com.ar\/notas\/wp-json\/wp\/v2\/posts\/44599\/revisions\/44610"}],"wp:attachment":[{"href":"https:\/\/www.elsindical.com.ar\/notas\/wp-json\/wp\/v2\/media?parent=44599"}],"wp:term":[{"taxonomy":"category","embeddable":true,"href":"https:\/\/www.elsindical.com.ar\/notas\/wp-json\/wp\/v2\/categories?post=44599"},{"taxonomy":"post_tag","embeddable":true,"href":"https:\/\/www.elsindical.com.ar\/notas\/wp-json\/wp\/v2\/tags?post=44599"}],"curies":[{"name":"wp","href":"https:\/\/api.w.org\/{rel}","templated":true}]}}