{"id":44416,"date":"2014-07-23T23:00:41","date_gmt":"2014-07-24T02:00:41","guid":{"rendered":"http:\/\/www.elsindical.com.ar\/notas\/?p=44416"},"modified":"2014-07-23T23:00:41","modified_gmt":"2014-07-24T02:00:41","slug":"corrientesasaltaron-a-un-micro-que-iba-a-la-salada-y-se-llevaron-350-mil","status":"publish","type":"post","link":"https:\/\/www.elsindical.com.ar\/notas\/corrientesasaltaron-a-un-micro-que-iba-a-la-salada-y-se-llevaron-350-mil\/","title":{"rendered":"Corrientes:Asaltaron a un micro que iba a La Salada y se llevaron $350 mil"},"content":{"rendered":"<p><em><a href=\"http:\/\/www.elsindical.com.ar\/notas\/var\/www\/html\/notas\/wp-content\/uploads\/2014\/07\/micro-asaltado-en-Corrientes.jpg\"><img loading=\"lazy\" decoding=\"async\" class=\"alignnone size-medium wp-image-44418\" src=\"http:\/\/www.elsindical.com.ar\/notas\/var\/www\/html\/notas\/wp-content\/uploads\/2014\/07\/micro-asaltado-en-Corrientes-300x170.jpg\" alt=\"micro-asaltado-en-Corrientes\" width=\"300\" height=\"170\" srcset=\"https:\/\/www.elsindical.com.ar\/notas\/var\/www\/html\/notas\/wp-content\/uploads\/2014\/07\/micro-asaltado-en-Corrientes-300x170.jpg 300w, https:\/\/www.elsindical.com.ar\/notas\/var\/www\/html\/notas\/wp-content\/uploads\/2014\/07\/micro-asaltado-en-Corrientes-500x283.jpg 500w, https:\/\/www.elsindical.com.ar\/notas\/var\/www\/html\/notas\/wp-content\/uploads\/2014\/07\/micro-asaltado-en-Corrientes.jpg 502w\" sizes=\"auto, (max-width: 300px) 100vw, 300px\" \/><\/a>El \u00f3mnibus hab\u00eda salido desde Corrientes con 38 pasajeros para concretar un tour de compras, pero malvivientes lo interceptaron y huyeron con el bot\u00edn.<\/em><\/p>\n<p>Un grupo de delincuentes asalt\u00f3 en la zona norte de Corrientes un \u00f3mnibus con un contingente 38 pasajeros misioneros que se dirig\u00edan a la feria de La Salada, en el sur del Gran Buenos Aires, para concretar un tour de compras, y <b>se alz\u00f3 con un bot\u00edn estimado en 350 mil pesos<\/b>.<\/p>\n<p>El atraco fue llevado a cabo por cuatro hombres armados que interceptaron el micro de la empresa TAF SRL en el kil\u00f3metro 774 de la ruta nacional 14, cerca de la localidad correntina de <b>Colonia Liebig<\/b>.<\/p>\n<p>Seg\u00fan informaron hoy medios locales, el asalto ocurri\u00f3 el lunes \u00faltimo por la tarde cuando dos hombres que viajaban como pasajeros en el \u00f3mnibus, que hab\u00eda partido de la ciudad de Iguaz\u00fa, <b>sacaron armas de fuego<\/b> y obligaron a los choferes a detener la marcha.<\/p>\n<p>Enseguida subieron a la unidad otros dos c\u00f3mplices, condujeron el micro a un pinar y ataron a los pasajeros y al chofer con precintos, para despojarlos del dinero que <b>llevaban para realizar las compras en la feria de La Salada<\/b> y otras pertenencias.<\/p>\n<p>\u00abNos hicieron parar, subieron otros dos m\u00e1s y nos hicieron entrar a un pinar, donde <b>nos precintaron las manos y se llevaron el dinero<\/b>, tel\u00e9fonos y documentos de cada uno y se dieron a la fuga\u00bb, le cont\u00f3 Miguel Barrios, uno de los choferes del transporte al portal noticias de la regi\u00f3n.<\/p>\n<p>El chofer dijo que los asaltantes estaban provistos de pistolas calibre 9 mil\u00edmetros y uno de ellos ten\u00eda chaleco antibala. \u00abEs una experiencia muy dram\u00e1tica, una pesadilla para cada uno. <b>Tem\u00ed por mi vida<\/b>, porque cuando uno de los delincuentes nos apunt\u00f3 para que paremos el colectivo, le dijo al otro: &#8216;al que se resiste matalo&#8217;, pero despu\u00e9s se tranquilizaron\u00bb, narr\u00f3 Barrios.<\/p>\n<p>El robo fue denunciado en la comisar\u00eda de Colonia Liebig y la causa fue radicada en el Juzgado de Instrucci\u00f3n de la ciudad de Santo Tom\u00e9, mientras que el contingente <b>regres\u00f3 por la noche a la ciudad de Iguaz\u00fa<\/b>.<\/p>\n<p>&nbsp;<\/p>\n<p><strong>Foto: Diario \u00c9poca<\/strong><\/p>\n","protected":false},"excerpt":{"rendered":"<p>El \u00f3mnibus hab\u00eda salido desde Corrientes con 38 pasajeros para concretar un tour de compras, pero malvivientes lo interceptaron y huyeron con el bot\u00edn. Un grupo de delincuentes asalt\u00f3 en la zona norte de Corrientes un \u00f3mnibus con un contingente 38 pasajeros misioneros que se dirig\u00edan a la feria de La Salada, en el sur&hellip;<\/p>\n","protected":false},"author":1,"featured_media":0,"comment_status":"open","ping_status":"open","sticky":false,"template":"","format":"standard","meta":{"footnotes":""},"categories":[22],"tags":[19344,281,581,2841,4106,402],"class_list":["post-44416","post","type-post","status-publish","format-standard","hentry","category-policiales","tag-colonia-liebig","tag-corrientes","tag-delincuentes","tag-la-salada","tag-micro","tag-pasajeros"],"_links":{"self":[{"href":"https:\/\/www.elsindical.com.ar\/notas\/wp-json\/wp\/v2\/posts\/44416","targetHints":{"allow":["GET"]}}],"collection":[{"href":"https:\/\/www.elsindical.com.ar\/notas\/wp-json\/wp\/v2\/posts"}],"about":[{"href":"https:\/\/www.elsindical.com.ar\/notas\/wp-json\/wp\/v2\/types\/post"}],"author":[{"embeddable":true,"href":"https:\/\/www.elsindical.com.ar\/notas\/wp-json\/wp\/v2\/users\/1"}],"replies":[{"embeddable":true,"href":"https:\/\/www.elsindical.com.ar\/notas\/wp-json\/wp\/v2\/comments?post=44416"}],"version-history":[{"count":2,"href":"https:\/\/www.elsindical.com.ar\/notas\/wp-json\/wp\/v2\/posts\/44416\/revisions"}],"predecessor-version":[{"id":44419,"href":"https:\/\/www.elsindical.com.ar\/notas\/wp-json\/wp\/v2\/posts\/44416\/revisions\/44419"}],"wp:attachment":[{"href":"https:\/\/www.elsindical.com.ar\/notas\/wp-json\/wp\/v2\/media?parent=44416"}],"wp:term":[{"taxonomy":"category","embeddable":true,"href":"https:\/\/www.elsindical.com.ar\/notas\/wp-json\/wp\/v2\/categories?post=44416"},{"taxonomy":"post_tag","embeddable":true,"href":"https:\/\/www.elsindical.com.ar\/notas\/wp-json\/wp\/v2\/tags?post=44416"}],"curies":[{"name":"wp","href":"https:\/\/api.w.org\/{rel}","templated":true}]}}