{"id":44393,"date":"2014-07-23T11:21:05","date_gmt":"2014-07-23T14:21:05","guid":{"rendered":"http:\/\/www.elsindical.com.ar\/notas\/?p=44393"},"modified":"2014-07-23T11:21:05","modified_gmt":"2014-07-23T14:21:05","slug":"feliz-cumpleanos-lara-la-jirafa-del-zoo-de-buenos-aires","status":"publish","type":"post","link":"https:\/\/www.elsindical.com.ar\/notas\/feliz-cumpleanos-lara-la-jirafa-del-zoo-de-buenos-aires\/","title":{"rendered":"\u00a1Feliz cumplea\u00f1os, Lara! la jirafa del Zoo de Buenos Aires"},"content":{"rendered":"<p><strong><a href=\"http:\/\/www.elsindical.com.ar\/notas\/var\/www\/html\/notas\/wp-content\/uploads\/2014\/07\/Lara-jirafa-del-zoo-de-Buenos-Aires.jpg\"><img loading=\"lazy\" decoding=\"async\" class=\"alignnone size-medium wp-image-44394\" src=\"http:\/\/www.elsindical.com.ar\/notas\/var\/www\/html\/notas\/wp-content\/uploads\/2014\/07\/Lara-jirafa-del-zoo-de-Buenos-Aires-300x174.jpg\" alt=\"Lara-jirafa-del-zoo-de-Buenos-Aires\" width=\"300\" height=\"174\" srcset=\"https:\/\/www.elsindical.com.ar\/notas\/var\/www\/html\/notas\/wp-content\/uploads\/2014\/07\/Lara-jirafa-del-zoo-de-Buenos-Aires-300x174.jpg 300w, https:\/\/www.elsindical.com.ar\/notas\/var\/www\/html\/notas\/wp-content\/uploads\/2014\/07\/Lara-jirafa-del-zoo-de-Buenos-Aires-500x290.jpg 500w, https:\/\/www.elsindical.com.ar\/notas\/var\/www\/html\/notas\/wp-content\/uploads\/2014\/07\/Lara-jirafa-del-zoo-de-Buenos-Aires.jpg 531w\" sizes=\"auto, (max-width: 300px) 100vw, 300px\" \/><\/a>Lara, la jirafa beb\u00e9 del Zoo porte\u00f1o, cumple un a\u00f1o y se lo festejamos a lo grande.<\/strong> Los chicos de la colonia de vacaciones, con sus caritas pintadas replicando la de las jirafas, le cantar\u00e1n el feliz cumplea\u00f1os y soplar\u00e1n las velitas de una torta especialmente preparada por nuestro chef. Y por supuesto que nuestros embajadores de la naturaleza tambi\u00e9n se sumar\u00e1n al festejo, disfrutando de sabrosas tortas gigantes especialmente dise\u00f1adas para ellos por los Departamento de Nutrici\u00f3n y Enriquecimiento Ambiental del Zoo porte\u00f1o. Esta actividad se realizar\u00e1 frente al recinto de jirafas. Ellas desayunaran con ricas tortas y nosotros tambi\u00e9n!!!!!!<\/p>\n<p>Lara naci\u00f3, por parto natural, despu\u00e9s de\u00a0 quince meses de gestaci\u00f3n en el Zool\u00f3gico de Buenos Aires al igual que Jacky, su madre. Buddy<strong>, <\/strong>el padre, vino del Zool\u00f3gico de Chile. Durante los primeros treinta d\u00edas, tom\u00f3 exclusivamente leche materna y ya hace meses comenz\u00f3 a comer hojas de \u00e1rboles, alfalfa, alimento balanceado, cebolla, banana y manzana.<\/p>\n<p>Los chicos que visitaron el Zoo votaron su nombre. El elegido, mediante un sorteo, fue Lara.<iframe loading=\"lazy\" src=\"\/\/www.youtube.com\/embed\/yFLHiWrnrBI\" width=\"580\" height=\"420\" frameborder=\"0\" allowfullscreen=\"allowfullscreen\"><\/iframe><\/p>\n","protected":false},"excerpt":{"rendered":"<p>Lara, la jirafa beb\u00e9 del Zoo porte\u00f1o, cumple un a\u00f1o y se lo festejamos a lo grande. Los chicos de la colonia de vacaciones, con sus caritas pintadas replicando la de las jirafas, le cantar\u00e1n el feliz cumplea\u00f1os y soplar\u00e1n las velitas de una torta especialmente preparada por nuestro chef. Y por supuesto que nuestros&hellip;<\/p>\n","protected":false},"author":1,"featured_media":0,"comment_status":"open","ping_status":"open","sticky":false,"template":"","format":"standard","meta":{"footnotes":""},"categories":[25],"tags":[718,19337,11680],"class_list":["post-44393","post","type-post","status-publish","format-standard","hentry","category-sociedad","tag-cumpleanos","tag-lara","tag-zoo-porteno"],"_links":{"self":[{"href":"https:\/\/www.elsindical.com.ar\/notas\/wp-json\/wp\/v2\/posts\/44393","targetHints":{"allow":["GET"]}}],"collection":[{"href":"https:\/\/www.elsindical.com.ar\/notas\/wp-json\/wp\/v2\/posts"}],"about":[{"href":"https:\/\/www.elsindical.com.ar\/notas\/wp-json\/wp\/v2\/types\/post"}],"author":[{"embeddable":true,"href":"https:\/\/www.elsindical.com.ar\/notas\/wp-json\/wp\/v2\/users\/1"}],"replies":[{"embeddable":true,"href":"https:\/\/www.elsindical.com.ar\/notas\/wp-json\/wp\/v2\/comments?post=44393"}],"version-history":[{"count":1,"href":"https:\/\/www.elsindical.com.ar\/notas\/wp-json\/wp\/v2\/posts\/44393\/revisions"}],"predecessor-version":[{"id":44395,"href":"https:\/\/www.elsindical.com.ar\/notas\/wp-json\/wp\/v2\/posts\/44393\/revisions\/44395"}],"wp:attachment":[{"href":"https:\/\/www.elsindical.com.ar\/notas\/wp-json\/wp\/v2\/media?parent=44393"}],"wp:term":[{"taxonomy":"category","embeddable":true,"href":"https:\/\/www.elsindical.com.ar\/notas\/wp-json\/wp\/v2\/categories?post=44393"},{"taxonomy":"post_tag","embeddable":true,"href":"https:\/\/www.elsindical.com.ar\/notas\/wp-json\/wp\/v2\/tags?post=44393"}],"curies":[{"name":"wp","href":"https:\/\/api.w.org\/{rel}","templated":true}]}}