{"id":44388,"date":"2014-07-23T01:35:55","date_gmt":"2014-07-23T04:35:55","guid":{"rendered":"http:\/\/www.elsindical.com.ar\/notas\/?p=44388"},"modified":"2014-07-23T01:35:55","modified_gmt":"2014-07-23T04:35:55","slug":"efemeridesdel-dia-23-de-julo","status":"publish","type":"post","link":"https:\/\/www.elsindical.com.ar\/notas\/efemeridesdel-dia-23-de-julo\/","title":{"rendered":"EFEM\u00c9RIDES:DEL D\u00cdA 23 DE JULO"},"content":{"rendered":"<p><a href=\"http:\/\/www.elsindical.com.ar\/notas\/var\/www\/html\/notas\/wp-content\/uploads\/2010\/08\/Richard-Nixon.jpg\"><img loading=\"lazy\" decoding=\"async\" class=\"alignnone size-full wp-image-8376\" src=\"http:\/\/www.elsindical.com.ar\/notas\/var\/www\/html\/notas\/wp-content\/uploads\/2010\/08\/Richard-Nixon.jpg\" alt=\"Richard-Nixon\" width=\"198\" height=\"265\" \/><\/a>En otro 23 de julio, pero de 1757, muere Domenico Scarlatti, compositor e int\u00e9rprete de clave italiano, considerado por algunos como el fundador de la t\u00e9cnica moderna de teclado.<\/p>\n<p>1773- La ciudad de Guatemala queda pr\u00e1cticamente destruida por un fuerte terremoto.<\/p>\n<p>1881- Tratado entre Chile y Argentina para el reparto de Tierra de Fuego, asunto que hab\u00eda separado durante a\u00f1os a ambos pa\u00edses.<\/p>\n<p>1886- Nace Salvador de Madariaga, escritor espa\u00f1ol.<\/p>\n<p>1906- Se inaugura en R\u00edo de Janeiro el Congreso Panamericano.<\/p>\n<p>1906- Matanzas contra jud\u00edos en Odessa (Rusia).<\/p>\n<p>1906- Nace Vladimir Prelog, investigador suizo de origen yugoslavo, premio Nobel de Qu\u00edmica en 1975.<\/p>\n<p>1914- Ultim\u00e1tum de Austria a Serbia por el atentado de Sarajevo, primer paso hacia la conflagraci\u00f3n europea.<\/p>\n<p>1920- Nace Amalia Rodrigues, cantante de fados portuguesa.<\/p>\n<p>1930- Terremotos en N\u00e1poles causan miles de muertos y heridos, as\u00ed como graves da\u00f1os materiales.<\/p>\n<p>1932- Muere Alberto Santos Dumont, aviador brasile\u00f1o 1933- Nace Richard George Rogers, arquitecto brit\u00e1nico. Entre otros premios, recibi\u00f3 en 2007 el Pritzker, considerado el \u00abnobel de la arquitectura\u00bb.<\/p>\n<p>1951- Muere Philippe Petain, mariscal franc\u00e9s.<\/p>\n<p>1958- El \u00abNautilus\u00bb, primer submarino nuclear estadounidense, sale de Pearl Harbor, en Hawai, para realizar un viaje de 3.500 kil\u00f3metros a trav\u00e9s del Polo Norte hasta el Atl\u00e1ntico.<\/p>\n<p>1961- Nace Woody Harrelson, actor estadounidense.<\/p>\n<p>1966- Muere Montgomery Clift, actor estadounidense.<\/p>\n<p>1967- Refer\u00e9ndum en Puerto Rico, que ganan los partidarios del Estado Libre Asociado con EEUU.<\/p>\n<p>&#8211; Nace Philip Seymour Hoffman, actor estadounidense.<\/p>\n<p>1973- Se produce un gran incendio en el edificio Avianca, el m\u00e1s alto de Bogot\u00e1: 40 muertos y 63 heridos graves.<\/p>\n<p>&#8211; El presidente estadounidense Richard Nixon se niega a entregar las grabaciones que le implican en el \u00abcaso Watergate\u00bb.<\/p>\n<p>1976- Nace Judith Polgar, ajedrecista h\u00fangara.<\/p>\n<p>1983- El rey Juan Carlos I firma en Venezuela la Declaraci\u00f3n de Caracas, con motivo del bicentenario del nacimiento de Sim\u00f3n Bol\u00edvar.<\/p>\n<p>1985- Estados Unidos y China firman un acuerdo de colaboraci\u00f3n nuclear para fines pac\u00edficos.<\/p>\n<p>1987- Se conoce que EEUU suspende la ayuda econ\u00f3mica y militar a Panam\u00e1 para forzar la salida del general Manuel Antonio Noriega.<\/p>\n<p>1999- Muere el Rey Hassan II de Marruecos de una neumon\u00eda aguda.<\/p>\n<p>Le sucede el pr\u00edncipe Sidi Mohamed, que reina con el nombre de Mohamed VI.<\/p>\n<p>&#8211; Un aficionado a los simuladores de vuelo secuestra un Jumbo 747 de la compa\u00f1\u00eda japonesa ANA, con 517 ocupantes, y mata al piloto por negarse a desviar la ruta a la base de EEUU en Yokota.<\/p>\n<p>2000- Expulsado del Ej\u00e9rcito y puesto en libertad por orden militar el coronel Silvino Bustillos, detenido el 14 de julio tras denunciar al presidente venezolano Hugo Ch\u00e1vez por supuesta violaci\u00f3n de las leyes electorales.<\/p>\n<p>2001- El escritor mexicano Juan Garc\u00eda Ponce obtiene el IX Premio de Literatura Iberoamericana y del Caribe Juan Rulfo.<\/p>\n<p>2002- El arzobispo de Gales, Rowan Williams, es elegido arzobispo de Canterbury, y, por consiguiente, jefe de la Iglesia anglicana en sustituci\u00f3n de George Carey.<\/p>\n<p>2004- Muere Carmina Ord\u00f3\u00f1ez, hija del torero Antonio Ord\u00f3\u00f1ez, ex esposa de \u00abPaquirri\u00bb y madre de los matadores Francisco y Cayetano Rivera.<\/p>\n<p>2005- Sesenta y cuatro muertos, seg\u00fan la versi\u00f3n oficial, y m\u00e1s de 150 heridos en 3 atentados con coches bomba en Sharm el Sheij (Egipto).<\/p>\n<p>2007- Muere Ernst Otto Fischer, cient\u00edfico alem\u00e1n Premio Nobel de Qu\u00edmica en 1973.<\/p>\n","protected":false},"excerpt":{"rendered":"<p>En otro 23 de julio, pero de 1757, muere Domenico Scarlatti, compositor e int\u00e9rprete de clave italiano, considerado por algunos como el fundador de la t\u00e9cnica moderna de teclado. 1773- La ciudad de Guatemala queda pr\u00e1cticamente destruida por un fuerte terremoto. 1881- Tratado entre Chile y Argentina para el reparto de Tierra de Fuego, asunto&hellip;<\/p>\n","protected":false},"author":1,"featured_media":0,"comment_status":"open","ping_status":"open","sticky":false,"template":"","format":"standard","meta":{"footnotes":""},"categories":[14],"tags":[],"class_list":["post-44388","post","type-post","status-publish","format-standard","hentry","category-efemerides"],"_links":{"self":[{"href":"https:\/\/www.elsindical.com.ar\/notas\/wp-json\/wp\/v2\/posts\/44388","targetHints":{"allow":["GET"]}}],"collection":[{"href":"https:\/\/www.elsindical.com.ar\/notas\/wp-json\/wp\/v2\/posts"}],"about":[{"href":"https:\/\/www.elsindical.com.ar\/notas\/wp-json\/wp\/v2\/types\/post"}],"author":[{"embeddable":true,"href":"https:\/\/www.elsindical.com.ar\/notas\/wp-json\/wp\/v2\/users\/1"}],"replies":[{"embeddable":true,"href":"https:\/\/www.elsindical.com.ar\/notas\/wp-json\/wp\/v2\/comments?post=44388"}],"version-history":[{"count":1,"href":"https:\/\/www.elsindical.com.ar\/notas\/wp-json\/wp\/v2\/posts\/44388\/revisions"}],"predecessor-version":[{"id":44389,"href":"https:\/\/www.elsindical.com.ar\/notas\/wp-json\/wp\/v2\/posts\/44388\/revisions\/44389"}],"wp:attachment":[{"href":"https:\/\/www.elsindical.com.ar\/notas\/wp-json\/wp\/v2\/media?parent=44388"}],"wp:term":[{"taxonomy":"category","embeddable":true,"href":"https:\/\/www.elsindical.com.ar\/notas\/wp-json\/wp\/v2\/categories?post=44388"},{"taxonomy":"post_tag","embeddable":true,"href":"https:\/\/www.elsindical.com.ar\/notas\/wp-json\/wp\/v2\/tags?post=44388"}],"curies":[{"name":"wp","href":"https:\/\/api.w.org\/{rel}","templated":true}]}}