{"id":44354,"date":"2014-07-21T15:52:46","date_gmt":"2014-07-21T18:52:46","guid":{"rendered":"http:\/\/www.elsindical.com.ar\/notas\/?p=44354"},"modified":"2014-07-21T15:52:46","modified_gmt":"2014-07-21T18:52:46","slug":"congresojoven-denuncia-haber-sido-violada-en-el-interior-de-un-boliche-por-cuatro-hombres","status":"publish","type":"post","link":"https:\/\/www.elsindical.com.ar\/notas\/congresojoven-denuncia-haber-sido-violada-en-el-interior-de-un-boliche-por-cuatro-hombres\/","title":{"rendered":"Congreso:Joven denuncia haber sido violada en el interior de un boliche por cuatro hombres"},"content":{"rendered":"<p><em><a href=\"http:\/\/www.elsindical.com.ar\/notas\/var\/www\/html\/notas\/wp-content\/uploads\/2014\/07\/La-Negra-Congreso.jpg\"><img loading=\"lazy\" decoding=\"async\" class=\"alignnone size-medium wp-image-44355\" src=\"http:\/\/www.elsindical.com.ar\/notas\/var\/www\/html\/notas\/wp-content\/uploads\/2014\/07\/La-Negra-Congreso-300x225.jpg\" alt=\"La-Negra-Congreso\" width=\"300\" height=\"225\" srcset=\"https:\/\/www.elsindical.com.ar\/notas\/var\/www\/html\/notas\/wp-content\/uploads\/2014\/07\/La-Negra-Congreso-300x225.jpg 300w, https:\/\/www.elsindical.com.ar\/notas\/var\/www\/html\/notas\/wp-content\/uploads\/2014\/07\/La-Negra-Congreso-399x300.jpg 399w, https:\/\/www.elsindical.com.ar\/notas\/var\/www\/html\/notas\/wp-content\/uploads\/2014\/07\/La-Negra-Congreso.jpg 502w\" sizes=\"auto, (max-width: 300px) 100vw, 300px\" \/><\/a>La v\u00edctima, de 19 a\u00f1os, fue abusada en forma reiterada por esa cantidad de hombres, que la llevaron a un \u00abrinc\u00f3n oscuro\u00bb y la sometieron a sus m\u00e1s bajos instintos. El suceso se produjo en un local situado a pasos del Parlamento Nacional, en una fiesta de homosexuales y bisexuales.<\/em><\/p>\n<p>Una joven de 19 a\u00f1os denunci\u00f3 haber sido violada por cuatro hombres dentro de un boliche del barrio porte\u00f1o de Congreso y dijo que no recibi\u00f3 ayuda del personal de seguridad del local bailable a pesar de haber pedido auxilio, informaron fuentes policiales y el abogado de la v\u00edctima.<\/p>\n<p>El hecho ocurri\u00f3 pasadas las cinco de la madrugada del s\u00e1bado dentro del boliche \u201cLa Negra\u201d, ubicado en la avenida Rivadavia 1910, a metros del Congreso de la Naci\u00f3n, donde se desarroll\u00f3 una fiesta llamada \u201c@lternativ@\u201d a la que concurren mayormente homosexuales o bisexuales.<\/p>\n<p>Seg\u00fan el abogado de la joven, <strong>Andr\u00e9s Bonicalzi<\/strong>, todo comenz\u00f3 cerca de las cinco de la madrugada <em>\u201ccuando la chica y otras tres amigas deciden ir de una pista a la otra dentro del boliche y, cuando iban en fila, un hombre la toma del hombro y la separa de sus amigas\u201d.\u00a0<\/em><\/p>\n<p><em>\u201cElla era la \u00faltima de la fila y las amigas no se dieron cuenta de que un hombre la hab\u00eda agarrado de los hombros. Este mismo hombre empez\u00f3 a besarla por la fuerza y luego la traslad\u00f3 a un rinc\u00f3n oscuro en el cual no hab\u00eda nadie\u201d<\/em>, explic\u00f3 el letrado.<\/p>\n<p>Seg\u00fan este relato, en ese lugar el hombre la desnud\u00f3 y comenz\u00f3 a penetrarla, tras lo cual aparecieron otros tres amigos que tambi\u00e9n la violaron en reiteradas oportunidades.<\/p>\n<p><em>\u201cLa sometieron sexualmente por la fuerza durante casi 20 minutos. Despu\u00e9s, estos hombres desaparecieron y ella pudo pedir ayuda. Un hombre que estaba dentro del boliche la vio llorando y le ofreci\u00f3 su tel\u00e9fono celular para que pudiera llamar a sus amigas\u201d<\/em>, dijo.<\/p>\n<p>Fuera del local bailable, la joven se reencontr\u00f3 con sus amigas y pidi\u00f3 ayuda a los empleados de seguridad,<em> \u201cpero nadie la ayud\u00f3\u201d<\/em>, denunci\u00f3 el letrado.<\/p>\n<p>Con la ayuda del padre de una de las chicas, la joven violada fue trasladada al Hospital Fiorito, donde fue atendida y asistida por personal especializado en casos de abuso sexual y violencia de g\u00e9nero.<\/p>\n<p><em>\u201cTiene lesiones genitales y paragenitales porque fue violada en reiteradas oportunidades por los cuatro hombres\u201d<\/em>, dijo el abogado Bonicalzi.<\/p>\n<p>La joven realiz\u00f3 la denuncia de lo que le sucedi\u00f3 en la comisar\u00eda 6a. y comenz\u00f3 a intervenir en el caso la fiscal <strong>Graciela Gils Carb\u00f3<\/strong>, quien subroga durante la feria judicial la fiscal\u00eda de instrucci\u00f3n 31.<\/p>\n<p>El abogado de la joven explic\u00f3 que la fiesta a la que concurri\u00f3 la joven se llama \u201c@lternativ@\u201d y se convoca habitualmente a trav\u00e9s de las redes sociales, como por ejemplo <em>Facebook<\/em>.<\/p>\n<p><em>\u201cA esa fiesta concurren muchos homosexuales, bisexuales, y hay un marco de libertad sexual alto. Ella me relat\u00f3 que cuando ingres\u00f3 observ\u00f3 que hab\u00eda una persona realizando sexo oral a otra. Obviamente hay libertad sexual siempre y cuando exista consentimiento por parte de quienes participan\u201d<\/em>, dijo.<\/p>\n<p>En la p\u00e1gina de Facebook de la fiesta \u201c@lternativa@\u201d, varios de los comentarios apuntan a exigir a los organizadores que se responsabilicen por lo que le ocurri\u00f3 a la joven abusada.<\/p>\n<p>Los investigadores policiales y judiciales ya solicitaron las c\u00e1maras de seguridad que se encuentran en la puerta de acceso al boliche y pidieron a los due\u00f1os del local el listado del personal de seguridad que trabaj\u00f3 durante la noche del viernes y la madrugada del s\u00e1bado.<\/p>\n","protected":false},"excerpt":{"rendered":"<p>La v\u00edctima, de 19 a\u00f1os, fue abusada en forma reiterada por esa cantidad de hombres, que la llevaron a un \u00abrinc\u00f3n oscuro\u00bb y la sometieron a sus m\u00e1s bajos instintos. El suceso se produjo en un local situado a pasos del Parlamento Nacional, en una fiesta de homosexuales y bisexuales. Una joven de 19 a\u00f1os&hellip;<\/p>\n","protected":false},"author":1,"featured_media":0,"comment_status":"open","ping_status":"open","sticky":false,"template":"","format":"standard","meta":{"footnotes":""},"categories":[22],"tags":[1443,86,175,19329,271],"class_list":["post-44354","post","type-post","status-publish","format-standard","hentry","category-policiales","tag-boliche","tag-congreso","tag-denuncia","tag-la-negra","tag-violacion"],"_links":{"self":[{"href":"https:\/\/www.elsindical.com.ar\/notas\/wp-json\/wp\/v2\/posts\/44354","targetHints":{"allow":["GET"]}}],"collection":[{"href":"https:\/\/www.elsindical.com.ar\/notas\/wp-json\/wp\/v2\/posts"}],"about":[{"href":"https:\/\/www.elsindical.com.ar\/notas\/wp-json\/wp\/v2\/types\/post"}],"author":[{"embeddable":true,"href":"https:\/\/www.elsindical.com.ar\/notas\/wp-json\/wp\/v2\/users\/1"}],"replies":[{"embeddable":true,"href":"https:\/\/www.elsindical.com.ar\/notas\/wp-json\/wp\/v2\/comments?post=44354"}],"version-history":[{"count":1,"href":"https:\/\/www.elsindical.com.ar\/notas\/wp-json\/wp\/v2\/posts\/44354\/revisions"}],"predecessor-version":[{"id":44356,"href":"https:\/\/www.elsindical.com.ar\/notas\/wp-json\/wp\/v2\/posts\/44354\/revisions\/44356"}],"wp:attachment":[{"href":"https:\/\/www.elsindical.com.ar\/notas\/wp-json\/wp\/v2\/media?parent=44354"}],"wp:term":[{"taxonomy":"category","embeddable":true,"href":"https:\/\/www.elsindical.com.ar\/notas\/wp-json\/wp\/v2\/categories?post=44354"},{"taxonomy":"post_tag","embeddable":true,"href":"https:\/\/www.elsindical.com.ar\/notas\/wp-json\/wp\/v2\/tags?post=44354"}],"curies":[{"name":"wp","href":"https:\/\/api.w.org\/{rel}","templated":true}]}}