{"id":44340,"date":"2014-07-21T12:09:33","date_gmt":"2014-07-21T15:09:33","guid":{"rendered":"http:\/\/www.elsindical.com.ar\/notas\/?p=44340"},"modified":"2014-07-21T12:09:47","modified_gmt":"2014-07-21T15:09:47","slug":"el-charlatan-que-faltaba-ahora-en-avellaneda-habla-el-concejal-ernesto-griego","status":"publish","type":"post","link":"https:\/\/www.elsindical.com.ar\/notas\/el-charlatan-que-faltaba-ahora-en-avellaneda-habla-el-concejal-ernesto-griego\/","title":{"rendered":"El charlat\u00e1n que faltaba ahora en Avellaneda, habla el concejal Ernesto Griego"},"content":{"rendered":"<p><a href=\"http:\/\/www.elsindical.com.ar\/notas\/var\/www\/html\/notas\/wp-content\/uploads\/2014\/07\/Ernesto-Griego.jpg\"><img loading=\"lazy\" decoding=\"async\" class=\"alignnone size-medium wp-image-44342\" src=\"http:\/\/www.elsindical.com.ar\/notas\/var\/www\/html\/notas\/wp-content\/uploads\/2014\/07\/Ernesto-Griego-300x190.jpg\" alt=\"Ernesto-Griego\" width=\"300\" height=\"190\" srcset=\"https:\/\/www.elsindical.com.ar\/notas\/var\/www\/html\/notas\/wp-content\/uploads\/2014\/07\/Ernesto-Griego-300x190.jpg 300w, https:\/\/www.elsindical.com.ar\/notas\/var\/www\/html\/notas\/wp-content\/uploads\/2014\/07\/Ernesto-Griego.jpg 443w\" sizes=\"auto, (max-width: 300px) 100vw, 300px\" \/><\/a>Seg\u00fan el diccionario de la Real Academia Espa\u00f1ola, la palabra charlat\u00e1n deriva del vocablo italiano ciarlatano, y es un adjetivo que como primera acepci\u00f3n se utiliza para aquel que habla mucho\u00a0y sin sustancia, por lo que luego de leer la entrevista que publica el medio Inforegi\u00f3n, titulado \u00abSiguen las voces a favor de la provincializar el Hospital de Wilde\u00bb.<\/p>\n<p>Tenemos que aclararle a los lectores, que la publicaci\u00f3n del medio no es casual, es uno de los medios que sin ser de Avellaneda, tiene una importante pauta con el municipio de Avellaneda y por este motivo suele publicar este tipo de notas destacando entre sus habit\u00faes el veterano concejal Degli Innocenti, quien tuvo a cargo el derogado consejo de medios local.<\/p>\n<p>Ahora bien, resulta curioso que un concejal del calibre de Ernesto Griego, quien ha pasado varios a\u00f1os sentado en la banca de concejal por acuerdos con las distintas fuerzas pol\u00edticas m\u00e1s que por m\u00e9ritos personales, opine sobre temas de los que no solo desconoce como es la salud, sino tambi\u00e9n en los que jam\u00e1s a mostrado inter\u00e9s alguno, como es seguridad, incluso algunos concejales al ser consultados por el tema de la trata de personas en el municipio, han se\u00f1alado al Griego como uno de los que nunca apoya este tipo de pedidos.<\/p>\n<p>Asegura en la nota, que con el pase a la provincia de Buenos Aires del Hospital de Wilde, se alivian las arcas municipales y ese dinero puede tener otros fines, sin aclarar cu\u00e1les ser\u00edan esos otros fines. Uno de los imperdibles y olvidables comentarios fue el siguiente: <em><strong>\u201cEs un hospital hermoso que est\u00e1 en el l\u00edmite con Quilmes, es municipal pero parece<\/strong><\/em><strong> interzonal\u201d,<\/strong> es poco serio desde donde se quiera analizar la cuesti\u00f3n y no eligieron al mejor exponente para la nota, \u00bfqu\u00e9 tiene que ver la ubicaci\u00f3n del hospital?, es evidente que Griego de esto no solo no sabe, tampoco le importa informarse antes de dar una nota sabiendo que el medio que lo publicar\u00e1 no har\u00e1 preguntas.<\/p>\n<p>Respecto de la seguridad, volvi\u00f3 a mostrar que toca ya no de o\u00eddo, sino que es sordo para escuchar y por lo menos aprender de lo que dicen los que defienden el proyecto de las polic\u00edas municipales y solo pudo repetir que oponerse a esta firma del convenio es oponerse a lo que la gente quiere, un argumento bananero, porque muchos de los concejales oficialistas con \u00e9l a la cabeza viven actuando a contra mano de lo que la gente quiere, es decir, habla, repite, pero no puede dar un solo fundamento que no tenga que ver con una opini\u00f3n que ni siquiera es personal.<\/p>\n<p>Ya metido en el conflicto entre los concejales H\u00e9ctor Villagra y Ver\u00f3nica Ju\u00e1rez, hace lo que mejor le sale, prefiere no opinar al respecto dice ni tomar partido por ninguna de las partes, pero dos l\u00edneas despu\u00e9s acusa a Villagra de no haberse mantenido dentro de las filas del proyecto original de concejales oficialistas del FpV, y haber armado su unibloque, cuando en realidad el formaba parte con todos de una misma lista y es en esto donde Griego dice una gran verdad, los concejales que forman parte de las lista parecen obligados a no representar al pueblo y los vecinos, sino a subordinarse al conductor de la gesti\u00f3n, el intendente Jorge Ferraresi.<\/p>\n<p>Mucho da\u00f1o hacen a las instituciones pol\u00edticas y a los vecinos este tipo de representantes que sin tener ninguna capacidad o m\u00e9rito, llegan a concejales por los acuerdos donde \u00abmechan\u00bb listas y cargos, personajes sin c\u00f3digos ni ideolog\u00edas, que antes que ir a trabajar prefieren vivir de la pol\u00edtica.<\/p>\n<p>&nbsp;<\/p>\n<p><em><strong>Por Marcelo Ricardo Hawrylciw<\/strong><\/em><\/p>\n","protected":false},"excerpt":{"rendered":"<p>Seg\u00fan el diccionario de la Real Academia Espa\u00f1ola, la palabra charlat\u00e1n deriva del vocablo italiano ciarlatano, y es un adjetivo que como primera acepci\u00f3n se utiliza para aquel que habla mucho\u00a0y sin sustancia, por lo que luego de leer la entrevista que publica el medio Inforegi\u00f3n, titulado \u00abSiguen las voces a favor de la provincializar&hellip;<\/p>\n","protected":false},"author":1,"featured_media":0,"comment_status":"open","ping_status":"open","sticky":false,"template":"","format":"standard","meta":{"footnotes":""},"categories":[10],"tags":[461,19326,16587,16470,9708,12779],"class_list":["post-44340","post","type-post","status-publish","format-standard","hentry","category-editorial","tag-avellaneda","tag-ernesto-griego","tag-hcd","tag-hector-villagra","tag-hospital-de-wilde","tag-veronica-juarez"],"_links":{"self":[{"href":"https:\/\/www.elsindical.com.ar\/notas\/wp-json\/wp\/v2\/posts\/44340","targetHints":{"allow":["GET"]}}],"collection":[{"href":"https:\/\/www.elsindical.com.ar\/notas\/wp-json\/wp\/v2\/posts"}],"about":[{"href":"https:\/\/www.elsindical.com.ar\/notas\/wp-json\/wp\/v2\/types\/post"}],"author":[{"embeddable":true,"href":"https:\/\/www.elsindical.com.ar\/notas\/wp-json\/wp\/v2\/users\/1"}],"replies":[{"embeddable":true,"href":"https:\/\/www.elsindical.com.ar\/notas\/wp-json\/wp\/v2\/comments?post=44340"}],"version-history":[{"count":3,"href":"https:\/\/www.elsindical.com.ar\/notas\/wp-json\/wp\/v2\/posts\/44340\/revisions"}],"predecessor-version":[{"id":44344,"href":"https:\/\/www.elsindical.com.ar\/notas\/wp-json\/wp\/v2\/posts\/44340\/revisions\/44344"}],"wp:attachment":[{"href":"https:\/\/www.elsindical.com.ar\/notas\/wp-json\/wp\/v2\/media?parent=44340"}],"wp:term":[{"taxonomy":"category","embeddable":true,"href":"https:\/\/www.elsindical.com.ar\/notas\/wp-json\/wp\/v2\/categories?post=44340"},{"taxonomy":"post_tag","embeddable":true,"href":"https:\/\/www.elsindical.com.ar\/notas\/wp-json\/wp\/v2\/tags?post=44340"}],"curies":[{"name":"wp","href":"https:\/\/api.w.org\/{rel}","templated":true}]}}