{"id":44328,"date":"2014-07-20T16:24:31","date_gmt":"2014-07-20T19:24:31","guid":{"rendered":"http:\/\/www.elsindical.com.ar\/notas\/?p=44328"},"modified":"2014-07-20T16:24:31","modified_gmt":"2014-07-20T19:24:31","slug":"detienen-a-peligros-narcotraficante-que-resulto-ser-asesor-del-senador-mario-ishii","status":"publish","type":"post","link":"https:\/\/www.elsindical.com.ar\/notas\/detienen-a-peligros-narcotraficante-que-resulto-ser-asesor-del-senador-mario-ishii\/","title":{"rendered":"Detienen a peligros narcotraficante que result\u00f3 ser asesor del senador Mario Ishii"},"content":{"rendered":"<p><em><a href=\"http:\/\/www.elsindical.com.ar\/notas\/var\/www\/html\/notas\/wp-content\/uploads\/2014\/07\/Mario-Ishii.jpg\"><img loading=\"lazy\" decoding=\"async\" class=\"alignnone size-medium wp-image-44330\" src=\"http:\/\/www.elsindical.com.ar\/notas\/var\/www\/html\/notas\/wp-content\/uploads\/2014\/07\/Mario-Ishii-300x200.jpg\" alt=\"Mario-Ishii\" width=\"300\" height=\"200\" srcset=\"https:\/\/www.elsindical.com.ar\/notas\/var\/www\/html\/notas\/wp-content\/uploads\/2014\/07\/Mario-Ishii-300x200.jpg 300w, https:\/\/www.elsindical.com.ar\/notas\/var\/www\/html\/notas\/wp-content\/uploads\/2014\/07\/Mario-Ishii-449x300.jpg 449w, https:\/\/www.elsindical.com.ar\/notas\/var\/www\/html\/notas\/wp-content\/uploads\/2014\/07\/Mario-Ishii.jpg 502w\" sizes=\"auto, (max-width: 300px) 100vw, 300px\" \/><\/a>Se trata de <b>Gustavo Collado Correa<\/b>, quien integraba una banda que <b>desde 1996 traficaba coca\u00edna<\/b> proveniente de Bolivia. El legislador kirchnerista se justific\u00f3: \u00ab<b>No puedo saber qu\u00e9 hacen en su vida privada<\/b>\u00ab.<\/em><\/p>\n<p>Gustavo Collado Correa, uno de los narcos m\u00e1s peligrosos del pa\u00eds, que hab\u00eda sido detenido la semana pasada mientras miraba el partido Brasil-Holanda en un bar al sur de Rosario, <b>asegur\u00f3 que es asesor del actual senador bonaerense ultra-kirchnerista Mario Ishii<\/b>,<b> y mostr\u00f3 una credencial que lo identificaba como tal<\/b>.<\/p>\n<p>De nacionalidad uruguaya, <b>Collado Correa<\/b> dirig\u00eda una banda dedicada al narcotr\u00e1fico junto a su socio <b>Claudio Andrada<\/b>, conocido en el ambiente como \u00abGallo\u00bb o \u00abPiturro\u00bb, quien fue arrestado en octubre del a\u00f1o pasado (foto de arriba), cuando la Polic\u00eda Federal intercept\u00f3 un cargamento de 583 kilos de coca\u00edna que proven\u00eda de Bolivia. Desde ese momento el cerco se fue cerrando sobre Collado, quien finalmente cay\u00f3 el pasado mi\u00e9rcoles.<\/p>\n<p>\u00ab<b>Soy asesor de un senador<\/b>\u00ab, dijo el hombre ante los efectivos de la comisar\u00eda de Coronel Bogado -50 kil\u00f3metros al sur de Rosario- que lo hab\u00edan detenido, y exhibi\u00f3 un carnet con la firma del hombre que gobern\u00f3 Jose C. Paz durante 14 a\u00f1os (1999-2013).<\/p>\n<p>Un dato impactante es que <b>el socio del asesor de Ishii hac\u00eda negocios con el narcotr\u00e1fico al menos desde 1996<\/b>, cuando fue apresado en su casa de Florida en momentos en que recib\u00eda un cargamento de 40 kilos de coca\u00edna. <b>La banda que hace 18 a\u00f1os pareci\u00f3 desmantelada, en realidad sigui\u00f3 operando o de m\u00ednima se reinvent\u00f3<\/b>.<\/p>\n<p>Ahora Collado Correa es se\u00f1alado como el responsable de negociar con los proveedores bolivianos la compra de cargamentos de coca\u00edna que entraban al pa\u00eds por Salta, en avionetas que aterrizaban en campos; el cargamento<b> luego era llevado hasta un galp\u00f3n en la avenida Illia, ubicado justamente en Jose C.Paz -ex intendencia de Ishii-, donde se encontraba el centro de operaciones de la banda.<\/b><\/p>\n<p>Precisamente, en la resoluci\u00f3n en la que se proces\u00f3 a Andrada -el socio de Collado Correa- hay una referencia a un informe de Gendarmer\u00eda Nacional que se\u00f1ala que <strong>la banda est\u00e1 \u00abligada al poder pol\u00edtico\u00bb y funcionaba con \u00abprotecci\u00f3n pol\u00edtica y policial\u00bb<\/strong>.<\/p>\n<p>Mario Ishii fue uno de los intendentes predilectos del oficialismo. Su identificaci\u00f3n lleg\u00f3 a tal punto que en julio de 2009, d\u00edas despu\u00e9s de la ca\u00edda de N\u00e9stor Kirchner ante Francisco de Narv\u00e1ez en las elecciones legislativas, anunci\u00f3 que iba a<strong> salir a \u00abcazar traidores\u00bb<\/strong> y sin darse cuenta patent\u00f3 una frase que se convirti\u00f3 en su se\u00f1a de identidad.<\/p>\n<p><strong>Qu\u00e9 dijo el legislador<\/strong><\/p>\n<p>Luego de que se conociesen las declaraciones de Collado Correa tras su arresto, Mario Ishii habl\u00f3 con el diario La Naci\u00f3n, quien publica sus declaraciones en su edici\u00f3n de hoy, <strong>sin rechazar la afirmaci\u00f3n del apresado narcotraficante.<\/strong><\/p>\n<p>\u00abSi miente o le rob\u00f3 la credencial a un asesor m\u00edo, que vaya preso. Y si no la rob\u00f3 y es verdaderamente un asesor m\u00edo, que vaya m\u00e1s preso todav\u00eda\u00bb, afirm\u00f3 el senador bonaerense ultra kirchnerista, quien en las \u00faltimas semanas hab\u00eda estado en los medios pidiendo la restauraci\u00f3n del servicio militar obligatorio para contener a los j\u00f3venes v\u00edctimas de las adicciones.<\/p>\n<p><b>Ishii se justific\u00f3 explicando que cuenta con 6500 \u00abasesores\u00bb en la Provincia de Buenos Aires.<\/b> \u00abUno o dos por barrio, que cada semana nos informan lo que pasa en las escuelas, los robos, los accidentes. Mando copias de esos informes al ministro provincial espec\u00edfico y al gobernador Daniel Scioli\u00bb, dijo.<\/p>\n<p>Y a\u00f1adi\u00f3: \u00ab<b>A cada asesor le doy una credencial, pero tambi\u00e9n ellos firman una declaraci\u00f3n jurada con sus obligaciones y derechos, y en mi oficina tengo sus legajos. Pero no puedo saber qu\u00e9 hace cada uno de ellos con su vida privada. Si este tipo realmente era asesor m\u00edo, que vaya m\u00e1s preso todav\u00eda<\/b>\u00ab.<\/p>\n<p>Ishi, quien conforma el monobloque PJ-N\u00e9stor Kirchner en el senado bonaerense, aclar\u00f3 que no fue notificado de la detenci\u00f3n de Collado Correa por parte del juzgado interviniente.<\/p>\n<p>Tambi\u00e9n evalu\u00f3 la posibilidad de que sea una operaci\u00f3n en su contra. \u00abUstedes saben que tengo problemas con algunos muchachitos\u00bb, dijo, misteriosamente.<\/p>\n","protected":false},"excerpt":{"rendered":"<p>Se trata de Gustavo Collado Correa, quien integraba una banda que desde 1996 traficaba coca\u00edna proveniente de Bolivia. El legislador kirchnerista se justific\u00f3: \u00abNo puedo saber qu\u00e9 hacen en su vida privada\u00ab. Gustavo Collado Correa, uno de los narcos m\u00e1s peligrosos del pa\u00eds, que hab\u00eda sido detenido la semana pasada mientras miraba el partido Brasil-Holanda&hellip;<\/p>\n","protected":false},"author":1,"featured_media":0,"comment_status":"open","ping_status":"open","sticky":false,"template":"","format":"standard","meta":{"footnotes":""},"categories":[22],"tags":[],"class_list":["post-44328","post","type-post","status-publish","format-standard","hentry","category-policiales"],"_links":{"self":[{"href":"https:\/\/www.elsindical.com.ar\/notas\/wp-json\/wp\/v2\/posts\/44328","targetHints":{"allow":["GET"]}}],"collection":[{"href":"https:\/\/www.elsindical.com.ar\/notas\/wp-json\/wp\/v2\/posts"}],"about":[{"href":"https:\/\/www.elsindical.com.ar\/notas\/wp-json\/wp\/v2\/types\/post"}],"author":[{"embeddable":true,"href":"https:\/\/www.elsindical.com.ar\/notas\/wp-json\/wp\/v2\/users\/1"}],"replies":[{"embeddable":true,"href":"https:\/\/www.elsindical.com.ar\/notas\/wp-json\/wp\/v2\/comments?post=44328"}],"version-history":[{"count":2,"href":"https:\/\/www.elsindical.com.ar\/notas\/wp-json\/wp\/v2\/posts\/44328\/revisions"}],"predecessor-version":[{"id":44331,"href":"https:\/\/www.elsindical.com.ar\/notas\/wp-json\/wp\/v2\/posts\/44328\/revisions\/44331"}],"wp:attachment":[{"href":"https:\/\/www.elsindical.com.ar\/notas\/wp-json\/wp\/v2\/media?parent=44328"}],"wp:term":[{"taxonomy":"category","embeddable":true,"href":"https:\/\/www.elsindical.com.ar\/notas\/wp-json\/wp\/v2\/categories?post=44328"},{"taxonomy":"post_tag","embeddable":true,"href":"https:\/\/www.elsindical.com.ar\/notas\/wp-json\/wp\/v2\/tags?post=44328"}],"curies":[{"name":"wp","href":"https:\/\/api.w.org\/{rel}","templated":true}]}}