{"id":44288,"date":"2014-07-19T10:52:29","date_gmt":"2014-07-19T13:52:29","guid":{"rendered":"http:\/\/www.elsindical.com.ar\/notas\/?p=44288"},"modified":"2014-07-19T10:52:29","modified_gmt":"2014-07-19T13:52:29","slug":"emprendimientos-privados-de-samid-en-nombre-del-mercado-central","status":"publish","type":"post","link":"https:\/\/www.elsindical.com.ar\/notas\/emprendimientos-privados-de-samid-en-nombre-del-mercado-central\/","title":{"rendered":"Emprendimientos privados de Samid en nombre del Mercado Central"},"content":{"rendered":"<p class=\"Estilo310\" align=\"justify\"><em><a href=\"http:\/\/www.elsindical.com.ar\/notas\/var\/www\/html\/notas\/wp-content\/uploads\/2014\/07\/sammid.jpg\"><img loading=\"lazy\" decoding=\"async\" class=\"alignnone size-medium wp-image-44289\" src=\"http:\/\/www.elsindical.com.ar\/notas\/var\/www\/html\/notas\/wp-content\/uploads\/2014\/07\/sammid-300x151.jpg\" alt=\"sammid\" width=\"300\" height=\"151\" srcset=\"https:\/\/www.elsindical.com.ar\/notas\/var\/www\/html\/notas\/wp-content\/uploads\/2014\/07\/sammid-300x151.jpg 300w, https:\/\/www.elsindical.com.ar\/notas\/var\/www\/html\/notas\/wp-content\/uploads\/2014\/07\/sammid-500x251.jpg 500w, https:\/\/www.elsindical.com.ar\/notas\/var\/www\/html\/notas\/wp-content\/uploads\/2014\/07\/sammid.jpg 502w\" sizes=\"auto, (max-width: 300px) 100vw, 300px\" \/><\/a>El Diputado Juan Carlos Ju\u00e1rez, del GEN en el Frente Amplio Progresista, present\u00f3 en la C\u00e1mara baja de la provincia un proyecto de solicitud de informes ante la posibilidad de que la apertura de las sucursales del Mercado Central est\u00e9 en manos de una cooperativa privada a nombre de Alberto Samid.<\/em><\/p>\n<p class=\"Estilo311\" style=\"color: #000000; font-family: Georgia,; font-size: 12px;\" align=\"justify\">El Legislador solicita informaci\u00f3n, entre otras cosas, del marco jur\u00eddico que se utiliz\u00f3 para la habilitaci\u00f3n de los Mercados de las ciudades de Bragado y Ca\u00f1uelas, y si las municipalidades de esos distritos han tomado intervenci\u00f3n en la habilitaci\u00f3n de los locales.<\/p>\n<p class=\"Estilo311\" style=\"color: #000000; font-family: Georgia,; font-size: 12px;\" align=\"justify\">Asimismo, Ju\u00e1rez quiere saber mediante qu\u00e9 acto administrativo se design\u00f3 a Alberto Samid en el Directorio de la Corporaci\u00f3n del Mercado Central, y si no se encuentra inmerso en algunas de las inhabilidades establecidas en la ley N\u00b0 7310\/67, de creaci\u00f3n de este organismo.<\/p>\n<p class=\"Estilo311\" style=\"color: #000000; font-family: Georgia,; font-size: 12px;\" align=\"justify\">Otro punto de importancia es el pedido de informaci\u00f3n de la inscripci\u00f3n en la Direcci\u00f3n Provincial de Personas Jur\u00eddicas de la Cooperativa Consumos Centrales LTDA o si la misma tiene la inscripci\u00f3n correspondiente en el Instituto Nacional de Cooperativismo y Econom\u00eda Social, y c\u00f3mo est\u00e1 constituido el concejo de administraci\u00f3n.<\/p>\n<p class=\"Estilo311\" style=\"color: #000000; font-family: Georgia,; font-size: 12px;\" align=\"justify\">Cabe recordar que, seg\u00fan versiones period\u00edsticas, en los permisos de la apertura del mercado de Bragado, nunca se menciona al Mercado Central, sino que el pedido para abrir la sucursal lo har\u00eda una cooperativa privada llamada Cooperativa de Consumo \u201cConsumos Centrales Limitada\u201d, de la cual Samid figurar\u00eda como Presidente del Consejo de Administraci\u00f3n. Quien pone la firma ser\u00eda su apoderado, Mario Carlos Di Caprio, a quien el empresario de la carne le cede el poder de representaci\u00f3n. De la misma manera, en Ca\u00f1uelas, la flamante sede del Mercado Central se instal\u00f3 en donde est\u00e1 la firma Liwin SA, la cual estar\u00eda a nombre de Samid.<\/p>\n<p class=\"Estilo311\" style=\"color: #000000; font-family: Georgia,; font-size: 12px;\" align=\"justify\">Al respecto, el Secretario Nacional del GEN se\u00f1al\u00f3 que \u00abSamid tiene que explicar c\u00f3mo es que siendo funcionario se compra a s\u00ed mismo y qui\u00e9n participa de esto\u201d y agreg\u00f3 que \u201ces necesario que la competencia sea leal y l\u00edcita\u00bb.<\/p>\n<p class=\"Estilo311\" style=\"color: #000000; font-family: Georgia,; font-size: 12px;\" align=\"justify\">Adem\u00e1s, se\u00f1al\u00f3 la responsabilidad del Gobernador Daniel Scioli, ya que \u00abfue \u00e9l quien lo nombr\u00f3 en el cargo\u00bb. Alberto Samid es actualmente el vicepresidente del Mercado Central, en representaci\u00f3n de la provincia de Buenos Aires.<\/p>\n<p class=\"Estilo311\" style=\"color: #000000; font-family: Georgia,; font-size: 12px;\" align=\"justify\">Finalmente, Ju\u00e1rez concluy\u00f3 diciendo que \u201cde confirmarse la informaci\u00f3n estar\u00edamos ante un hecho sumamente grave ya que un funcionario p\u00fablico se encontrar\u00eda benefici\u00e1ndose de su posici\u00f3n para fines particulares\u201d.<\/p>\n","protected":false},"excerpt":{"rendered":"<p>El Diputado Juan Carlos Ju\u00e1rez, del GEN en el Frente Amplio Progresista, present\u00f3 en la C\u00e1mara baja de la provincia un proyecto de solicitud de informes ante la posibilidad de que la apertura de las sucursales del Mercado Central est\u00e9 en manos de una cooperativa privada a nombre de Alberto Samid. El Legislador solicita informaci\u00f3n,&hellip;<\/p>\n","protected":false},"author":1,"featured_media":0,"comment_status":"open","ping_status":"open","sticky":false,"template":"","format":"standard","meta":{"footnotes":""},"categories":[13],"tags":[19310,19309,12753,19308,2846],"class_list":["post-44288","post","type-post","status-publish","format-standard","hentry","category-politica","tag-alberto-samid","tag-frente-amplio","tag-gen","tag-juan-carlos-juarez","tag-mercado-central"],"_links":{"self":[{"href":"https:\/\/www.elsindical.com.ar\/notas\/wp-json\/wp\/v2\/posts\/44288","targetHints":{"allow":["GET"]}}],"collection":[{"href":"https:\/\/www.elsindical.com.ar\/notas\/wp-json\/wp\/v2\/posts"}],"about":[{"href":"https:\/\/www.elsindical.com.ar\/notas\/wp-json\/wp\/v2\/types\/post"}],"author":[{"embeddable":true,"href":"https:\/\/www.elsindical.com.ar\/notas\/wp-json\/wp\/v2\/users\/1"}],"replies":[{"embeddable":true,"href":"https:\/\/www.elsindical.com.ar\/notas\/wp-json\/wp\/v2\/comments?post=44288"}],"version-history":[{"count":1,"href":"https:\/\/www.elsindical.com.ar\/notas\/wp-json\/wp\/v2\/posts\/44288\/revisions"}],"predecessor-version":[{"id":44290,"href":"https:\/\/www.elsindical.com.ar\/notas\/wp-json\/wp\/v2\/posts\/44288\/revisions\/44290"}],"wp:attachment":[{"href":"https:\/\/www.elsindical.com.ar\/notas\/wp-json\/wp\/v2\/media?parent=44288"}],"wp:term":[{"taxonomy":"category","embeddable":true,"href":"https:\/\/www.elsindical.com.ar\/notas\/wp-json\/wp\/v2\/categories?post=44288"},{"taxonomy":"post_tag","embeddable":true,"href":"https:\/\/www.elsindical.com.ar\/notas\/wp-json\/wp\/v2\/tags?post=44288"}],"curies":[{"name":"wp","href":"https:\/\/api.w.org\/{rel}","templated":true}]}}