{"id":44258,"date":"2014-07-18T01:02:50","date_gmt":"2014-07-18T04:02:50","guid":{"rendered":"http:\/\/www.elsindical.com.ar\/notas\/?p=44258"},"modified":"2014-07-18T01:02:50","modified_gmt":"2014-07-18T04:02:50","slug":"vuelven-las-marchas-para-exigir-seguridad-en-la-region","status":"publish","type":"post","link":"https:\/\/www.elsindical.com.ar\/notas\/vuelven-las-marchas-para-exigir-seguridad-en-la-region\/","title":{"rendered":"Vuelven las marchas para exigir seguridad en la Regi\u00f3n"},"content":{"rendered":"<p>Hoy habr\u00e1 una protesta frente a la Municipalidad de Lomas. Ma\u00f1ana la manifestaci\u00f3n ser\u00e1 en Lan\u00fas en repudio al asesinato de Daniel Arce.<\/p>\n<p><em><a href=\"http:\/\/www.elsindical.com.ar\/notas\/var\/www\/html\/notas\/wp-content\/uploads\/2013\/11\/vecinos-contra-la-inseguridad.jpg\"><img loading=\"lazy\" decoding=\"async\" class=\"alignnone size-medium wp-image-38604\" src=\"http:\/\/www.elsindical.com.ar\/notas\/var\/www\/html\/notas\/wp-content\/uploads\/2013\/11\/vecinos-contra-la-inseguridad-300x253.jpg\" alt=\"vecinos-contra-la-inseguridad\" width=\"300\" height=\"253\" srcset=\"https:\/\/www.elsindical.com.ar\/notas\/var\/www\/html\/notas\/wp-content\/uploads\/2013\/11\/vecinos-contra-la-inseguridad-300x253.jpg 300w, https:\/\/www.elsindical.com.ar\/notas\/var\/www\/html\/notas\/wp-content\/uploads\/2013\/11\/vecinos-contra-la-inseguridad-355x300.jpg 355w, https:\/\/www.elsindical.com.ar\/notas\/var\/www\/html\/notas\/wp-content\/uploads\/2013\/11\/vecinos-contra-la-inseguridad.jpg 443w\" sizes=\"auto, (max-width: 300px) 100vw, 300px\" \/><\/a>En Lomas, la manifestaci\u00f3n arrancar\u00e1 a las 10:00 en la puerta del Palacio Municipal, situado en Manuel Castro 220.<\/em><\/p>\n<p>\u201cPor los cientos de muertos por inseguridad del municipio es que marcharemos. Hay que terminar con esta locura y por eso volveremos a manifestarnos hasta que se cumpla todo aquello que nos vienen prometiendo\u201d, remarc\u00f3 a Info Regi\u00f3n Carla Policicchio, miembro de la <a href=\"https:\/\/www.facebook.com\/mariacarla.policicchio?fref=ts\">agrupaci\u00f3n vecinal \u201cLomas Alerta\u201d<\/a>, que organiza la marcha.<\/p>\n<p>Indic\u00f3 que la manifestaci\u00f3n buscar\u00e1 lograr el refuerzo del control policial en los barrios que, seg\u00fan sostuvo, \u201cest\u00e1 muy descuidado\u201d, as\u00ed como la implementaci\u00f3n de las mesas barriales para \u201cobtener una activa participaci\u00f3n vecinal en la prevenci\u00f3n del delito\u201d.<\/p>\n<p>\u201cTambi\u00e9n pediremos justicia para las v\u00edctimas de los \u00faltimos casos ya que los asesinos andan sueltos y las familias sumidas en un tremendo dolor por las perdidas\u201d, complet\u00f3 la integrante de \u201cLomas Alerta\u201d.<\/p>\n<p><strong>Manifestaci\u00f3n en Lan\u00fas.<\/strong> Ser\u00e1 para reclamar justicia por el crimen de Daniel Arce, un joven de 35 a\u00f1os que fue asesinado de un balazo el 15 de junio en un intento de robo.<\/p>\n<p>La manifestaci\u00f3n ser\u00e1 ma\u00f1ana desde las 16 y partir\u00e1 desde la intersecci\u00f3n de Centenario y Aguilar, donde ocurri\u00f3 el crimen, hasta la Comisar\u00eda de Villa Barcel\u00f3.<\/p>\n<p>\u201cPas\u00f3 un mes de la muerte de mi hermano pero nada cambi\u00f3. No hay consuelo y menos sabiendo que aquel que arruin\u00f3 mi familia sigue tranquilo y nadie hace nada. Queremos que alguien nos ayude para que finalmente se haga justicia y que mi hermano pueda descansar en paz\u201d, apunt\u00f3 Cristian Arce, hermano de la v\u00edctima.<\/p>\n","protected":false},"excerpt":{"rendered":"<p>Hoy habr\u00e1 una protesta frente a la Municipalidad de Lomas. Ma\u00f1ana la manifestaci\u00f3n ser\u00e1 en Lan\u00fas en repudio al asesinato de Daniel Arce. En Lomas, la manifestaci\u00f3n arrancar\u00e1 a las 10:00 en la puerta del Palacio Municipal, situado en Manuel Castro 220. \u201cPor los cientos de muertos por inseguridad del municipio es que marcharemos. Hay&hellip;<\/p>\n","protected":false},"author":1,"featured_media":0,"comment_status":"open","ping_status":"open","sticky":false,"template":"","format":"standard","meta":{"footnotes":""},"categories":[25],"tags":[],"class_list":["post-44258","post","type-post","status-publish","format-standard","hentry","category-sociedad"],"_links":{"self":[{"href":"https:\/\/www.elsindical.com.ar\/notas\/wp-json\/wp\/v2\/posts\/44258","targetHints":{"allow":["GET"]}}],"collection":[{"href":"https:\/\/www.elsindical.com.ar\/notas\/wp-json\/wp\/v2\/posts"}],"about":[{"href":"https:\/\/www.elsindical.com.ar\/notas\/wp-json\/wp\/v2\/types\/post"}],"author":[{"embeddable":true,"href":"https:\/\/www.elsindical.com.ar\/notas\/wp-json\/wp\/v2\/users\/1"}],"replies":[{"embeddable":true,"href":"https:\/\/www.elsindical.com.ar\/notas\/wp-json\/wp\/v2\/comments?post=44258"}],"version-history":[{"count":1,"href":"https:\/\/www.elsindical.com.ar\/notas\/wp-json\/wp\/v2\/posts\/44258\/revisions"}],"predecessor-version":[{"id":44259,"href":"https:\/\/www.elsindical.com.ar\/notas\/wp-json\/wp\/v2\/posts\/44258\/revisions\/44259"}],"wp:attachment":[{"href":"https:\/\/www.elsindical.com.ar\/notas\/wp-json\/wp\/v2\/media?parent=44258"}],"wp:term":[{"taxonomy":"category","embeddable":true,"href":"https:\/\/www.elsindical.com.ar\/notas\/wp-json\/wp\/v2\/categories?post=44258"},{"taxonomy":"post_tag","embeddable":true,"href":"https:\/\/www.elsindical.com.ar\/notas\/wp-json\/wp\/v2\/tags?post=44258"}],"curies":[{"name":"wp","href":"https:\/\/api.w.org\/{rel}","templated":true}]}}