{"id":44254,"date":"2014-07-18T00:40:08","date_gmt":"2014-07-18T03:40:08","guid":{"rendered":"http:\/\/www.elsindical.com.ar\/notas\/?p=44254"},"modified":"2014-07-18T00:40:08","modified_gmt":"2014-07-18T03:40:08","slug":"restituyeron-al-fiscal-jose-maria-campagnoli","status":"publish","type":"post","link":"https:\/\/www.elsindical.com.ar\/notas\/restituyeron-al-fiscal-jose-maria-campagnoli\/","title":{"rendered":"Restituyeron al Fiscal Jos\u00e9 Mar\u00eda Campagnoli"},"content":{"rendered":"<p><em><a href=\"http:\/\/www.elsindical.com.ar\/notas\/var\/www\/html\/notas\/wp-content\/uploads\/2013\/06\/Fiscal-Jos\u00e9-Mar\u00eda-Campagnoli.jpg\"><img loading=\"lazy\" decoding=\"async\" class=\"alignnone size-medium wp-image-35125\" src=\"http:\/\/www.elsindical.com.ar\/notas\/var\/www\/html\/notas\/wp-content\/uploads\/2013\/06\/Fiscal-Jos\u00e9-Mar\u00eda-Campagnoli-300x280.jpg\" alt=\"Fiscal-Jos\u00e9-Mar\u00eda-Campagnoli\" width=\"300\" height=\"280\" srcset=\"https:\/\/www.elsindical.com.ar\/notas\/var\/www\/html\/notas\/wp-content\/uploads\/2013\/06\/Fiscal-Jos\u00e9-Mar\u00eda-Campagnoli-300x280.jpg 300w, https:\/\/www.elsindical.com.ar\/notas\/var\/www\/html\/notas\/wp-content\/uploads\/2013\/06\/Fiscal-Jos\u00e9-Mar\u00eda-Campagnoli-320x300.jpg 320w, https:\/\/www.elsindical.com.ar\/notas\/var\/www\/html\/notas\/wp-content\/uploads\/2013\/06\/Fiscal-Jos\u00e9-Mar\u00eda-Campagnoli.jpg 502w\" sizes=\"auto, (max-width: 300px) 100vw, 300px\" \/><\/a>El Tribunal de Enjuiciamiento de Magistrados del Ministerio P\u00fablico decidi\u00f3 levantar la medida que suspend\u00eda al Fiscal Jos\u00e9 Mar\u00eda Campagnoli en su cargo, aunque la decisi\u00f3n del tribunal no afecta el juicio politico que se le sigue por mal desempe\u00f1o de sus funciones.<\/em><\/p>\n<p>La decisi\u00f3n de levantar la suspensi\u00f3n a Campagnoli, cont\u00f3 con 4 votos a favor y 3 votos en contra.<\/p>\n<p>Seg\u00fan se indic\u00f3, en contra de la suspensi\u00f3n votaron el Fiscal Daniel Adler; el representante del Poder Ejecutivo, Ernesto Kreplak y el representante del Senado, Rodolfo Ojea Quintana.<\/p>\n<p>En tanto, a favor se pronunciaron el representante de la Corte, Juan Gauna y los abogados Javier Panero, Adriana Donato, y Leonardo Mi\u00f1o.<\/p>\n<p>Precisamente Mi\u00f1o, quien hab\u00eda sido recusado por los Fiscales acusadores Adolfo Villate y Marcelo Garc\u00eda Berro por formar parte de la Comisi\u00f3n Directiva de la Asociaci\u00f3n de Magistrados y haber difundido dos documentos a favor de Campagnoli, pas\u00f3 a integrar el Tribunal tras la decisi\u00f3n del jurado de rechazar la recusaci\u00f3n.<\/p>\n<p>El voto de Mi\u00f1o fue definitorio para levantarle la suspensi\u00f3n al acusado Fiscal Campagnoli.<\/p>\n<p>El nuevo miembro del jurado ocup\u00f3 ese lugar pese a que la Defensor\u00eda General ya hab\u00eda designado a Nicol\u00e1s Toselli para reemplazarlo, que jur\u00f3 el viernes 4 de julio, y que hoy es el titular que representa a la Defensor\u00eda.<\/p>\n<p>Campagnoli est\u00e1 acusado de maniobras en una causa para cambiar su objeto y focalizarla en el empresario L\u00e1zaro B\u00e1ez, cuando el imputado original era el financista Federico Elaskar.<\/p>\n<p>Adem\u00e1s, avanza otro expediente sobre sus actuaci\u00f3n contra vecinos del Barrio Mitre y por persecuci\u00f3n a sus propios empleados.<\/p>\n<p>De esta forma, Campagnoli estar\u00eda en condiciones de volver solo a la Fiscal\u00eda de Saavedraa, lugar que hoy ocupa hoy la recientemente amenazada fiscal Cristina Caama\u00f1o.<\/p>\n","protected":false},"excerpt":{"rendered":"<p>El Tribunal de Enjuiciamiento de Magistrados del Ministerio P\u00fablico decidi\u00f3 levantar la medida que suspend\u00eda al Fiscal Jos\u00e9 Mar\u00eda Campagnoli en su cargo, aunque la decisi\u00f3n del tribunal no afecta el juicio politico que se le sigue por mal desempe\u00f1o de sus funciones. La decisi\u00f3n de levantar la suspensi\u00f3n a Campagnoli, cont\u00f3 con 4 votos&hellip;<\/p>\n","protected":false},"author":1,"featured_media":0,"comment_status":"open","ping_status":"open","sticky":false,"template":"","format":"standard","meta":{"footnotes":""},"categories":[20],"tags":[19291,19289,19288,19290,19292],"class_list":["post-44254","post","type-post","status-publish","format-standard","hentry","category-judiciales","tag-adriana-donato","tag-ernesto-kreplak","tag-fiscal-daniel-adler","tag-javier-panero","tag-leonardo-mino"],"_links":{"self":[{"href":"https:\/\/www.elsindical.com.ar\/notas\/wp-json\/wp\/v2\/posts\/44254","targetHints":{"allow":["GET"]}}],"collection":[{"href":"https:\/\/www.elsindical.com.ar\/notas\/wp-json\/wp\/v2\/posts"}],"about":[{"href":"https:\/\/www.elsindical.com.ar\/notas\/wp-json\/wp\/v2\/types\/post"}],"author":[{"embeddable":true,"href":"https:\/\/www.elsindical.com.ar\/notas\/wp-json\/wp\/v2\/users\/1"}],"replies":[{"embeddable":true,"href":"https:\/\/www.elsindical.com.ar\/notas\/wp-json\/wp\/v2\/comments?post=44254"}],"version-history":[{"count":1,"href":"https:\/\/www.elsindical.com.ar\/notas\/wp-json\/wp\/v2\/posts\/44254\/revisions"}],"predecessor-version":[{"id":44255,"href":"https:\/\/www.elsindical.com.ar\/notas\/wp-json\/wp\/v2\/posts\/44254\/revisions\/44255"}],"wp:attachment":[{"href":"https:\/\/www.elsindical.com.ar\/notas\/wp-json\/wp\/v2\/media?parent=44254"}],"wp:term":[{"taxonomy":"category","embeddable":true,"href":"https:\/\/www.elsindical.com.ar\/notas\/wp-json\/wp\/v2\/categories?post=44254"},{"taxonomy":"post_tag","embeddable":true,"href":"https:\/\/www.elsindical.com.ar\/notas\/wp-json\/wp\/v2\/tags?post=44254"}],"curies":[{"name":"wp","href":"https:\/\/api.w.org\/{rel}","templated":true}]}}