{"id":44223,"date":"2014-07-17T00:45:00","date_gmt":"2014-07-17T03:45:00","guid":{"rendered":"http:\/\/www.elsindical.com.ar\/notas\/?p=44223"},"modified":"2014-07-17T00:45:00","modified_gmt":"2014-07-17T03:45:00","slug":"la-luz-no-vuelve-y-crece-la-indignacion-en-muchos-barrios","status":"publish","type":"post","link":"https:\/\/www.elsindical.com.ar\/notas\/la-luz-no-vuelve-y-crece-la-indignacion-en-muchos-barrios\/","title":{"rendered":"La luz no vuelve y crece la indignaci\u00f3n en muchos barrios"},"content":{"rendered":"<p><a href=\"http:\/\/www.elsindical.com.ar\/notas\/var\/www\/html\/notas\/wp-content\/uploads\/2010\/12\/corte-de-luz.jpg\"><img loading=\"lazy\" decoding=\"async\" class=\"alignnone size-medium wp-image-11506\" src=\"http:\/\/www.elsindical.com.ar\/notas\/var\/www\/html\/notas\/wp-content\/uploads\/2010\/12\/corte-de-luz-300x225.jpg\" alt=\"corte-de-luz\" width=\"300\" height=\"225\" srcset=\"https:\/\/www.elsindical.com.ar\/notas\/var\/www\/html\/notas\/wp-content\/uploads\/2010\/12\/corte-de-luz-300x225.jpg 300w, https:\/\/www.elsindical.com.ar\/notas\/var\/www\/html\/notas\/wp-content\/uploads\/2010\/12\/corte-de-luz.jpg 325w\" sizes=\"auto, (max-width: 300px) 100vw, 300px\" \/><\/a>Pas\u00f3 el Mundial pero siguen los cortes de energ\u00eda el\u00e9ctrica. Subi\u00f3 la temperatura pero el fr\u00edo est\u00e1 por volver y con \u00e9l seguramente crecer\u00e1 la indignaci\u00f3n de consumidores. \u00bfCuando se podr\u00e1 vivir en un pa\u00eds en el que los servicios p\u00fablicos funcionen?<\/p>\n<p>Muchos no pudieron ver los partidos de la Copa del Mundo en sus hogares. Muchos no pudieron soportar el g\u00e9lido invierno. Edificios modernos optan por no tener gas por seguridad pero la energ\u00eda el\u00e9ctrica brilla por su ausencia. \u00bfCu\u00e1nto m\u00e1s van a seguir tirando de la tensa soga?<\/p>\n<p>Llama poderosamente la atenci\u00f3n la pasividad del ente de contralor, que parece no advertir las falencias en la atenci\u00f3n a los reclamos de los usuarios.<\/p>\n","protected":false},"excerpt":{"rendered":"<p>Pas\u00f3 el Mundial pero siguen los cortes de energ\u00eda el\u00e9ctrica. Subi\u00f3 la temperatura pero el fr\u00edo est\u00e1 por volver y con \u00e9l seguramente crecer\u00e1 la indignaci\u00f3n de consumidores. \u00bfCuando se podr\u00e1 vivir en un pa\u00eds en el que los servicios p\u00fablicos funcionen? Muchos no pudieron ver los partidos de la Copa del Mundo en sus&hellip;<\/p>\n","protected":false},"author":1,"featured_media":0,"comment_status":"open","ping_status":"open","sticky":false,"template":"","format":"standard","meta":{"footnotes":""},"categories":[25],"tags":[374,1502,514,376],"class_list":["post-44223","post","type-post","status-publish","format-standard","hentry","category-sociedad","tag-edesur","tag-equipos","tag-reclamos","tag-usuarios"],"_links":{"self":[{"href":"https:\/\/www.elsindical.com.ar\/notas\/wp-json\/wp\/v2\/posts\/44223","targetHints":{"allow":["GET"]}}],"collection":[{"href":"https:\/\/www.elsindical.com.ar\/notas\/wp-json\/wp\/v2\/posts"}],"about":[{"href":"https:\/\/www.elsindical.com.ar\/notas\/wp-json\/wp\/v2\/types\/post"}],"author":[{"embeddable":true,"href":"https:\/\/www.elsindical.com.ar\/notas\/wp-json\/wp\/v2\/users\/1"}],"replies":[{"embeddable":true,"href":"https:\/\/www.elsindical.com.ar\/notas\/wp-json\/wp\/v2\/comments?post=44223"}],"version-history":[{"count":1,"href":"https:\/\/www.elsindical.com.ar\/notas\/wp-json\/wp\/v2\/posts\/44223\/revisions"}],"predecessor-version":[{"id":44224,"href":"https:\/\/www.elsindical.com.ar\/notas\/wp-json\/wp\/v2\/posts\/44223\/revisions\/44224"}],"wp:attachment":[{"href":"https:\/\/www.elsindical.com.ar\/notas\/wp-json\/wp\/v2\/media?parent=44223"}],"wp:term":[{"taxonomy":"category","embeddable":true,"href":"https:\/\/www.elsindical.com.ar\/notas\/wp-json\/wp\/v2\/categories?post=44223"},{"taxonomy":"post_tag","embeddable":true,"href":"https:\/\/www.elsindical.com.ar\/notas\/wp-json\/wp\/v2\/tags?post=44223"}],"curies":[{"name":"wp","href":"https:\/\/api.w.org\/{rel}","templated":true}]}}