{"id":4415,"date":"2010-03-10T22:26:46","date_gmt":"2010-03-11T01:26:46","guid":{"rendered":"http:\/\/www.elsindical.com.ar\/notas\/?p=4415"},"modified":"2010-03-10T22:26:46","modified_gmt":"2010-03-11T01:26:46","slug":"acusan-al-fundador-de-facebook-de-usar-datos-de-la-red-social-para-hackear-mails","status":"publish","type":"post","link":"https:\/\/www.elsindical.com.ar\/notas\/acusan-al-fundador-de-facebook-de-usar-datos-de-la-red-social-para-hackear-mails\/","title":{"rendered":"Acusan al fundador de Facebook de usar datos de la red social para hackear mails"},"content":{"rendered":"<p style=\"text-align: justify;\"><em><a href=\"http:\/\/www.elsindical.com.ar\/notas\/var\/www\/html\/notas\/wp-content\/uploads\/2010\/03\/Mark-Zuckerberg.jpg\"><img loading=\"lazy\" decoding=\"async\" class=\"alignleft size-full wp-image-4416\" title=\"Mark-Zuckerberg\" src=\"http:\/\/www.elsindical.com.ar\/notas\/var\/www\/html\/notas\/wp-content\/uploads\/2010\/03\/Mark-Zuckerberg.jpg\" alt=\"\" width=\"227\" height=\"227\" srcset=\"https:\/\/www.elsindical.com.ar\/notas\/var\/www\/html\/notas\/wp-content\/uploads\/2010\/03\/Mark-Zuckerberg.jpg 227w, https:\/\/www.elsindical.com.ar\/notas\/var\/www\/html\/notas\/wp-content\/uploads\/2010\/03\/Mark-Zuckerberg-150x150.jpg 150w\" sizes=\"auto, (max-width: 227px) 100vw, 227px\" \/><\/a>Seg\u00fan una investigaci\u00f3n de Silicon Alley Insider sobre los or\u00edgenes de Facebook, Mark Zuckerberg utiliz\u00f3 informaci\u00f3n de sus servidores para entrar en el mail de competidores que lo acusaban de plagio.<\/em><\/p>\n<p style=\"text-align: justify;\">Seg\u00fan la <a href=\"http:\/\/www.businessinsider.com\/how-facebook-was-founded-2010-3\" target=\"_blank\">publicaci\u00f3n de Internet Silicon Alley Insider<\/a>, en el a\u00f1o 2004 el fundador de Facebook, Mark Zuckerberg, us\u00f3 informaci\u00f3n de los servidores de la red social para hackear el mail de competidores y periodistas.<\/p>\n<p style=\"text-align: justify;\">Los competidores eran Cameron Winklevoss, Tyler Winklevoss y Divya Narendr, fundadores de la red social Connect U, que contrataron a Zuckerberg para que los ayudara a desarrollar el proyecto y ahora <a href=\"http:\/\/en.wikipedia.org\/wiki\/Criticism_of_Facebook#ConnectU.com_lawsuit\" target=\"_blank\">lo acusan de haber plagiado la idea de la red social<\/a>.<\/p>\n<p style=\"text-align: justify;\">De acuerdo con la investigaci\u00f3n de Silicon Alley Insider, una vez que Facebook estaba en marcha, Zuckerberg <a href=\"http:\/\/www.businessinsider.com\/how-mark-zuckerberg-hacked-connectu-2010-3\" target=\"_blank\">hacke\u00f3 tambi\u00e9n la red social Connect U <\/a>para borrar perfiles y crear cuentas falsas.<\/p>\n<p style=\"text-align: justify;\">Tambi\u00e9n <a href=\"http:\/\/www.businessinsider.com\/how-mark-zuckerberg-hacked-into-the-harvard-crimson-2010-3\" target=\"_blank\">seg\u00fan el Silicon Alley Insider<\/a>, Zuckerberg entr\u00f3 en la cuenta de mail de los periodistas del diario de la Universidad de Harvard, <a href=\"http:\/\/www.thecrimson.com\/\" target=\"_blank\">The Crimson<\/a>, cuando se enter\u00f3 de que escrib\u00edan una nota sobre la acusaci\u00f3n de plagio.<\/p>\n","protected":false},"excerpt":{"rendered":"<p>Seg\u00fan una investigaci\u00f3n de Silicon Alley Insider sobre los or\u00edgenes de Facebook, Mark Zuckerberg utiliz\u00f3 informaci\u00f3n de sus servidores para entrar en el mail de competidores que lo acusaban de plagio. Seg\u00fan la publicaci\u00f3n de Internet Silicon Alley Insider, en el a\u00f1o 2004 el fundador de Facebook, Mark Zuckerberg, us\u00f3 informaci\u00f3n de los servidores de&hellip;<\/p>\n","protected":false},"author":1,"featured_media":0,"comment_status":"open","ping_status":"open","sticky":false,"template":"","format":"standard","meta":{"footnotes":""},"categories":[6],"tags":[2300,2301,22020,219,2302,1100,376],"class_list":["post-4415","post","type-post","status-publish","format-standard","hentry","category-denuncias","tag-acusaciones","tag-correo","tag-denuncias","tag-facebook","tag-hackear","tag-mark-zuckerberg","tag-usuarios"],"_links":{"self":[{"href":"https:\/\/www.elsindical.com.ar\/notas\/wp-json\/wp\/v2\/posts\/4415","targetHints":{"allow":["GET"]}}],"collection":[{"href":"https:\/\/www.elsindical.com.ar\/notas\/wp-json\/wp\/v2\/posts"}],"about":[{"href":"https:\/\/www.elsindical.com.ar\/notas\/wp-json\/wp\/v2\/types\/post"}],"author":[{"embeddable":true,"href":"https:\/\/www.elsindical.com.ar\/notas\/wp-json\/wp\/v2\/users\/1"}],"replies":[{"embeddable":true,"href":"https:\/\/www.elsindical.com.ar\/notas\/wp-json\/wp\/v2\/comments?post=4415"}],"version-history":[{"count":1,"href":"https:\/\/www.elsindical.com.ar\/notas\/wp-json\/wp\/v2\/posts\/4415\/revisions"}],"predecessor-version":[{"id":4417,"href":"https:\/\/www.elsindical.com.ar\/notas\/wp-json\/wp\/v2\/posts\/4415\/revisions\/4417"}],"wp:attachment":[{"href":"https:\/\/www.elsindical.com.ar\/notas\/wp-json\/wp\/v2\/media?parent=4415"}],"wp:term":[{"taxonomy":"category","embeddable":true,"href":"https:\/\/www.elsindical.com.ar\/notas\/wp-json\/wp\/v2\/categories?post=4415"},{"taxonomy":"post_tag","embeddable":true,"href":"https:\/\/www.elsindical.com.ar\/notas\/wp-json\/wp\/v2\/tags?post=4415"}],"curies":[{"name":"wp","href":"https:\/\/api.w.org\/{rel}","templated":true}]}}