{"id":44049,"date":"2014-07-10T15:21:53","date_gmt":"2014-07-10T18:21:53","guid":{"rendered":"http:\/\/www.elsindical.com.ar\/notas\/?p=44049"},"modified":"2014-07-10T15:22:20","modified_gmt":"2014-07-10T18:22:20","slug":"44049","status":"publish","type":"post","link":"https:\/\/www.elsindical.com.ar\/notas\/44049\/","title":{"rendered":"Procesaron al marido y los suegros de Valeria Mazza"},"content":{"rendered":"<p><em><a href=\"http:\/\/www.elsindical.com.ar\/notas\/var\/www\/html\/notas\/wp-content\/uploads\/2014\/07\/Alejandro-Gravier-y-Valeria-Mazza.jpg\"><img loading=\"lazy\" decoding=\"async\" class=\"alignnone size-medium wp-image-44050\" src=\"http:\/\/www.elsindical.com.ar\/notas\/var\/www\/html\/notas\/wp-content\/uploads\/2014\/07\/Alejandro-Gravier-y-Valeria-Mazza-300x168.jpg\" alt=\"Alejandro-Gravier-y-Valeria-Mazza\" width=\"300\" height=\"168\" srcset=\"https:\/\/www.elsindical.com.ar\/notas\/var\/www\/html\/notas\/wp-content\/uploads\/2014\/07\/Alejandro-Gravier-y-Valeria-Mazza-300x168.jpg 300w, https:\/\/www.elsindical.com.ar\/notas\/var\/www\/html\/notas\/wp-content\/uploads\/2014\/07\/Alejandro-Gravier-y-Valeria-Mazza-500x280.jpg 500w, https:\/\/www.elsindical.com.ar\/notas\/var\/www\/html\/notas\/wp-content\/uploads\/2014\/07\/Alejandro-Gravier-y-Valeria-Mazza.jpg 502w\" sizes=\"auto, (max-width: 300px) 100vw, 300px\" \/><\/a>El empresario Alejandro Gravier y sus padres fueron acusados de evasi\u00f3n de impuestos.<\/em><\/p>\n<div>La C\u00e1mara del Crimen proces\u00f3 al marido y a los suegros de la modelo Valeria Mazza, en una causa en la que est\u00e1n acusados de haber falsificado un contrato de locaci\u00f3n para evadir impuestos.<\/div>\n<div><\/div>\n<div>La Sala Cuarta de la C\u00e1mara, con las firmas de los jueces <b>Mariano Gonz\u00e1lez Palazzo, Carlos Alberto Gonz\u00e1lez y Alberto Seijas<\/b>, dispuso los procesamientos de <b>Alejandro Jorge Gravier<\/b>, esposo de Mazza, y sus padres, <b>Horacio Alfredo Gravier y Mar\u00eda Cristina Cirio<\/b>,<b> \u00abpor considerarlos part\u00edcipes necesarios del delito de uso de documento p\u00fablico falso\u00bb, un delito que contempla penas de entre uno y seis a\u00f1os de c\u00e1rcel.<\/b><\/div>\n<div><\/div>\n<div><b>Los imputados fueron procesados por la presentaci\u00f3n ante la AFIP de un contrato de locaci\u00f3n presuntamente simulado en el que, adem\u00e1s, se habr\u00edan falsificado las firmas de un escribano.<\/b><\/div>\n<div><\/div>\n<div>Por el caso ya est\u00e1 procesada una contadora, <b>Ana Mar\u00eda Jost,<\/b> quien seg\u00fan la acusaci\u00f3n habr\u00eda presentado los documentos ante el organismo recaudador.<\/div>\n<div><\/div>\n<div>La presunta maniobra ilegal se habr\u00eda cometido a trav\u00e9s de las empresas \u00abVamagra S.A.\u00bb y \u00abLa So\u00f1ada S.A.\u00bb, que estaban exclusivamente integradas por los accionistas Valeria Mazza y Alejandro Gravier, tenedores del 100% de su paquete accionario.<\/div>\n<div><\/div>\n<div>\u00abTales sociedades, al igual que Valeria Raquel Mazza, estaban siendo investigadas por presunta evasi\u00f3n de tributos, y en ese marco fue que tuvo lugar la presentaci\u00f3n de Jost que integraba el estudio contable de la familia Gravier. Lejos est\u00e1n Horacio Alfredo Gravier, Alejandro Jorge Gravier y Mar\u00eda Cristina Cirio de resultar ajenos al hecho materia de pesquisa, pues con la provisoriedad propia de esta etapa del proceso es posible sostener que el desarrollo de la conducta material, en definitiva concretada por Jost, fue posible \u00fanicamente merced a su necesaria colaboraci\u00f3n, suscribiendo el contrato que, junto con las actuaciones notariales falsas, ser\u00eda entregado por esta \u00faltima para eludir sus responsabilidades\u00bb, resumieron los jueces.<\/div>\n<div><\/div>\n<div>El fallo ordena al juez de primera instancia <b>Roberto Ponce <\/b>a expedirse acerca de las restantes medidas cautelares, es decir <b>si dictar\u00e1 o no la prisi\u00f3n preventiva para los procesados y por qu\u00e9 monto embargar\u00e1 sus bienes. <\/b><\/div>\n<div><\/div>\n<div><\/div>\n<div>Fuente: DyN<\/div>\n","protected":false},"excerpt":{"rendered":"<p>El empresario Alejandro Gravier y sus padres fueron acusados de evasi\u00f3n de impuestos. La C\u00e1mara del Crimen proces\u00f3 al marido y a los suegros de la modelo Valeria Mazza, en una causa en la que est\u00e1n acusados de haber falsificado un contrato de locaci\u00f3n para evadir impuestos. La Sala Cuarta de la C\u00e1mara, con las&hellip;<\/p>\n","protected":false},"author":1,"featured_media":0,"comment_status":"open","ping_status":"open","sticky":false,"template":"","format":"standard","meta":{"footnotes":""},"categories":[20],"tags":[69,19228,19227,19230,15921,19229],"class_list":["post-44049","post","type-post","status-publish","format-standard","hentry","category-judiciales","tag-afip","tag-alejandro-gravier","tag-ana-maria-jost","tag-la-sonada-s-a","tag-valeria-mazza","tag-vamagra-s-a"],"_links":{"self":[{"href":"https:\/\/www.elsindical.com.ar\/notas\/wp-json\/wp\/v2\/posts\/44049","targetHints":{"allow":["GET"]}}],"collection":[{"href":"https:\/\/www.elsindical.com.ar\/notas\/wp-json\/wp\/v2\/posts"}],"about":[{"href":"https:\/\/www.elsindical.com.ar\/notas\/wp-json\/wp\/v2\/types\/post"}],"author":[{"embeddable":true,"href":"https:\/\/www.elsindical.com.ar\/notas\/wp-json\/wp\/v2\/users\/1"}],"replies":[{"embeddable":true,"href":"https:\/\/www.elsindical.com.ar\/notas\/wp-json\/wp\/v2\/comments?post=44049"}],"version-history":[{"count":2,"href":"https:\/\/www.elsindical.com.ar\/notas\/wp-json\/wp\/v2\/posts\/44049\/revisions"}],"predecessor-version":[{"id":44052,"href":"https:\/\/www.elsindical.com.ar\/notas\/wp-json\/wp\/v2\/posts\/44049\/revisions\/44052"}],"wp:attachment":[{"href":"https:\/\/www.elsindical.com.ar\/notas\/wp-json\/wp\/v2\/media?parent=44049"}],"wp:term":[{"taxonomy":"category","embeddable":true,"href":"https:\/\/www.elsindical.com.ar\/notas\/wp-json\/wp\/v2\/categories?post=44049"},{"taxonomy":"post_tag","embeddable":true,"href":"https:\/\/www.elsindical.com.ar\/notas\/wp-json\/wp\/v2\/tags?post=44049"}],"curies":[{"name":"wp","href":"https:\/\/api.w.org\/{rel}","templated":true}]}}