{"id":43999,"date":"2014-07-08T13:58:11","date_gmt":"2014-07-08T16:58:11","guid":{"rendered":"http:\/\/www.elsindical.com.ar\/notas\/?p=43999"},"modified":"2014-07-08T13:58:11","modified_gmt":"2014-07-08T16:58:11","slug":"piden-indagatoria-de-alto-funcionario-de-alicia-kirchner-por-malversacion-de-caudales","status":"publish","type":"post","link":"https:\/\/www.elsindical.com.ar\/notas\/piden-indagatoria-de-alto-funcionario-de-alicia-kirchner-por-malversacion-de-caudales\/","title":{"rendered":"Piden indagatoria de alto funcionario de Alicia Kirchner por malversaci\u00f3n de caudales"},"content":{"rendered":"<p><em><a href=\"http:\/\/www.elsindical.com.ar\/notas\/var\/www\/html\/notas\/wp-content\/uploads\/2014\/07\/denuncia-SIGEN-al-INAES.jpg\"><img loading=\"lazy\" decoding=\"async\" class=\"alignnone size-medium wp-image-44000\" src=\"http:\/\/www.elsindical.com.ar\/notas\/var\/www\/html\/notas\/wp-content\/uploads\/2014\/07\/denuncia-SIGEN-al-INAES-192x300.jpg\" alt=\"denuncia-SIGEN-al-INAES\" width=\"192\" height=\"300\" srcset=\"https:\/\/www.elsindical.com.ar\/notas\/var\/www\/html\/notas\/wp-content\/uploads\/2014\/07\/denuncia-SIGEN-al-INAES-192x300.jpg 192w, https:\/\/www.elsindical.com.ar\/notas\/var\/www\/html\/notas\/wp-content\/uploads\/2014\/07\/denuncia-SIGEN-al-INAES.jpg 531w\" sizes=\"auto, (max-width: 192px) 100vw, 192px\" \/><\/a>Es la del titular del <b>INAES<\/b>, el cual depende del <b>Ministerio de Desarrollo Social<\/b>. Un fiscal pidi\u00f3 que en indagatoria explique por qu\u00e9 hubo inconsistencias en subsidios estatales otorgados a distintas mutuales.<\/em><\/p>\n<p>Una causa que avanz\u00f3 a paso lento pero que toca de cerca a la ministra de Desarrollo Social, <b>Alicia Kirchner<\/b>. Un fiscal pidi\u00f3 la indagatoria de <b>Patricio Griffin<\/b>, titular del <b>Instituto Nacional de Asociativismo y Econom\u00eda Social (Inaes)<\/b>, un organismo que depende de aquel, <b>por supuestas irregularidades en el otorgamiento de subsidios estatales a distintas mutuales<\/b>.<\/p>\n<p>Delgado sospecha que por medio de la creaci\u00f3n de mutuales como \u00abexcusa\u00bb o \u00abfachada\u00bb, el INAES otorg\u00f3 subsidios desde 2006 de manera irregular. El caso se inici\u00f3 en 2009 pero en las \u00faltimas semanas lleg\u00f3 a manos del fiscal un informe de la Sindicatura General de la Naci\u00f3n (SIGEN) que advierte de ciertas irregularidades.<\/p>\n<p>Algunas son la falta de presentaci\u00f3n por parte de las mutuales de la <b>rendici\u00f3n de cuentas<\/b> de los gastos efectuados con el dinero p\u00fablico, las <b>discordancias existentes entre los proyectos presentados inicialmente y los que luego se llevaron a cabo en la pr\u00e1ctica<\/b>, y la falta de aporte de capital propio por parte de la beneficiada, que seg\u00fan la ley es del 25 por ciento.<\/p>\n<p>En abril el informe lleg\u00f3 a manos del fiscal y el juez Sebasti\u00e1n Ramos decidi\u00f3 citar a declarar como testigos a los expertos de la SIGEN para que ampl\u00eden su dictamen y se explayen sobre las irregularidades que detectaron.<\/p>\n<p>Al fiscal le llam\u00f3 la atenci\u00f3n que ni los expertos de la SIGEN, \u00abpese a su conocimiento y experiencia sobre la materia, <b>no pudieron dar explicaciones sobre las diferencias detectadas entre los proyectos presentados por las mutuales y lo que luego efectivamente se llev\u00f3 a cabo en la pr\u00e1ctica<\/b>\u00ab.<\/p>\n<p>Otra gran porci\u00f3n de las irregularidades tiene que ver con que no se pudo determinar si el dinero fue destinado a la necesidad del proyecto porque no se rindi\u00f3 cuentas por parte de las distintas mutuales.<\/p>\n<p><b>\u00abExiste un hiato entre las previsiones legales y el destino que efectivamente se le aplic\u00f3 a los fondos p\u00fablicos provenientes de los subsidios. Esta cuesti\u00f3n, hasta el momento, no pudo ser zanjada\u00bb<\/b>, reproch\u00f3 Delgado.<\/p>\n<p>El fiscal consider\u00f3 en consecuencia que \u00abquien debe brindar explicaciones sobre las anomal\u00edas detectadas en los expedientes es, precisamente, quien ejerc\u00eda la m\u00e1xima autoridad en el INAES\u00bb, o sea <b>Griffin<\/b>. \u00abTen\u00eda el efectivo poder de disposici\u00f3n sobre el dinero y adem\u00e1s, deb\u00eda velar por su correcta aplicaci\u00f3n\u00bb, replic\u00f3.<\/p>\n<p>Griffin fue acusado por <b>supuesta malversaci\u00f3n de caudales p\u00fablicos<\/b>, una figura penal que prev\u00e9 una pena de hasta diez a\u00f1os de prisi\u00f3n. Ahora es el juez Ramos quien debe decidir si lo cita a indagatoria.<\/p>\n","protected":false},"excerpt":{"rendered":"<p>Es la del titular del INAES, el cual depende del Ministerio de Desarrollo Social. Un fiscal pidi\u00f3 que en indagatoria explique por qu\u00e9 hubo inconsistencias en subsidios estatales otorgados a distintas mutuales. Una causa que avanz\u00f3 a paso lento pero que toca de cerca a la ministra de Desarrollo Social, Alicia Kirchner. Un fiscal pidi\u00f3&hellip;<\/p>\n","protected":false},"author":1,"featured_media":0,"comment_status":"open","ping_status":"open","sticky":false,"template":"","format":"standard","meta":{"footnotes":""},"categories":[6],"tags":[9985,19208,15659,665,19209,5752],"class_list":["post-43999","post","type-post","status-publish","format-standard","hentry","category-denuncias","tag-alicia-kirchner","tag-inaes","tag-juez-federal-sebastian-ramos","tag-ministerio-de-desarrollo-social","tag-patricio-griffin","tag-sigen"],"_links":{"self":[{"href":"https:\/\/www.elsindical.com.ar\/notas\/wp-json\/wp\/v2\/posts\/43999","targetHints":{"allow":["GET"]}}],"collection":[{"href":"https:\/\/www.elsindical.com.ar\/notas\/wp-json\/wp\/v2\/posts"}],"about":[{"href":"https:\/\/www.elsindical.com.ar\/notas\/wp-json\/wp\/v2\/types\/post"}],"author":[{"embeddable":true,"href":"https:\/\/www.elsindical.com.ar\/notas\/wp-json\/wp\/v2\/users\/1"}],"replies":[{"embeddable":true,"href":"https:\/\/www.elsindical.com.ar\/notas\/wp-json\/wp\/v2\/comments?post=43999"}],"version-history":[{"count":1,"href":"https:\/\/www.elsindical.com.ar\/notas\/wp-json\/wp\/v2\/posts\/43999\/revisions"}],"predecessor-version":[{"id":44001,"href":"https:\/\/www.elsindical.com.ar\/notas\/wp-json\/wp\/v2\/posts\/43999\/revisions\/44001"}],"wp:attachment":[{"href":"https:\/\/www.elsindical.com.ar\/notas\/wp-json\/wp\/v2\/media?parent=43999"}],"wp:term":[{"taxonomy":"category","embeddable":true,"href":"https:\/\/www.elsindical.com.ar\/notas\/wp-json\/wp\/v2\/categories?post=43999"},{"taxonomy":"post_tag","embeddable":true,"href":"https:\/\/www.elsindical.com.ar\/notas\/wp-json\/wp\/v2\/tags?post=43999"}],"curies":[{"name":"wp","href":"https:\/\/api.w.org\/{rel}","templated":true}]}}