{"id":43922,"date":"2014-07-05T14:25:12","date_gmt":"2014-07-05T17:25:12","guid":{"rendered":"http:\/\/www.elsindical.com.ar\/notas\/?p=43922"},"modified":"2014-07-05T14:25:12","modified_gmt":"2014-07-05T17:25:12","slug":"puntos-ciegos-de-los-automovilistas","status":"publish","type":"post","link":"https:\/\/www.elsindical.com.ar\/notas\/puntos-ciegos-de-los-automovilistas\/","title":{"rendered":"Puntos Ciegos De Los Automovilistas"},"content":{"rendered":"<p><em><a href=\"http:\/\/www.elsindical.com.ar\/notas\/var\/www\/html\/notas\/wp-content\/uploads\/2014\/07\/puntos-ciegos-autos.jpg\"><img loading=\"lazy\" decoding=\"async\" class=\"alignnone size-medium wp-image-43923\" src=\"http:\/\/www.elsindical.com.ar\/notas\/var\/www\/html\/notas\/wp-content\/uploads\/2014\/07\/puntos-ciegos-autos-300x287.jpg\" alt=\"puntos-ciegos-autos\" width=\"300\" height=\"287\" srcset=\"https:\/\/www.elsindical.com.ar\/notas\/var\/www\/html\/notas\/wp-content\/uploads\/2014\/07\/puntos-ciegos-autos-300x287.jpg 300w, https:\/\/www.elsindical.com.ar\/notas\/var\/www\/html\/notas\/wp-content\/uploads\/2014\/07\/puntos-ciegos-autos-313x300.jpg 313w, https:\/\/www.elsindical.com.ar\/notas\/var\/www\/html\/notas\/wp-content\/uploads\/2014\/07\/puntos-ciegos-autos.jpg 325w\" sizes=\"auto, (max-width: 300px) 100vw, 300px\" \/><\/a>Recalcar la importancia de la colocaci\u00f3n en nuestro carril de acuerdo a la circunstancia del trafico siempre ser\u00e1 importante, porque estaremos evitando un accidente, aunque no sea nuestra culpa.<\/em><\/p>\n<p><b>El automovilista tiene varios puntos ciegos en su veh\u00edculo<\/b>, los que se deben tener en cuenta para la correcta colocaci\u00f3n en el tr\u00e1fico (Imagen) las colocaciones correctas son las motocicletas azules en la imagen.<\/p>\n<p>Un gran porcentaje de conductores (por no decir todos!) no se\u00f1alan su pr\u00f3xima maniobra (Automovilistas y motociclistas), no prendemos las se\u00f1ales luminosas, ni sabemos las se\u00f1ales manuales que se deben de hacer de acuerdo a nuestro pr\u00f3ximo movimiento.<\/p>\n<p>Siempre debes observar el interior de los autom\u00f3vil <b>en especial al conductor<\/b>, nos anticipa saber la maniobra que ejecutara, el movimiento de su cabeza nos indica que est\u00e1 por hacer alguna maniobra, la posici\u00f3n de las llantas delanteras del veh\u00edculo nos lo har\u00e1n saber tambi\u00e9n, este ser\u00e1 el movimiento que indica la direcci\u00f3n que tendr\u00e1 el veh\u00edculo que cuidamos, regularmente a un lado de nuestro carril y delante de nosotros.<\/p>\n<p>Si el conductor del autom\u00f3vil lleva en la mano un celular, caja de maquillaje o simplemente lo vemos distra\u00eddo es preferible buscar otra colocaci\u00f3n en el tr\u00e1fico, potencialmente tiene m\u00e1s probabilidades que tengamos un problema con ese veh\u00edculo. Esto es parte de un manejo a la defensiva.<\/p>\n<p>La velocidad de manejo depender\u00e1 siempre del tr\u00e1fico y debemos de manejar a la misma velocidad, si nos es posible, de los veh\u00edculos en movimiento, para no entorpecer la circulaci\u00f3n, manejar a m\u00e1s baja velocidad o m\u00e1s alta que los veh\u00edculos que nos acompa\u00f1an en el trayecto, nos traer\u00e1 por consecuencia problemas.<\/p>\n<p>El frenado en cualquier circunstancia debe de iniciar en el freno trasero y acompa\u00f1arlo suave con el delantero, perder el control de la llanta trasera por patinan nos puede sacar un susto, en la gran mayor\u00eda de ocasiones con un poco de pericia es controlable.<br \/>\nCon mucha frecuencia la excusa del automovilista es <b>\u201cNo lo vi\u201d<\/b>,<b> \u201cNunca supe de donde sali\u00f3\u201d<\/b>, algunas veces es solo por librarse del problema, otras es la verdad, porque definitivamente no tienen completa visi\u00f3n de los veh\u00edculos que les acompa\u00f1an en el tr\u00e1fico, esto no los exime de culpa, simplemente pasa.<\/p>\n<p>Como se puede ver en la imagen, los motociclistas en rojo est\u00e1n en la zona de peligro \u201cen los famosos puntos ciegos del automovilista\u201d, otra de las causas comunes de accidentes son los autos estacionados que abren sin mirar hacia atr\u00e1s sus puertas, por tal motivo es muy importante desplazarse con la motocicleta a una distancia prudencial de los autom\u00f3viles estacionados un metro o metro y medio, si no hay otro remedio que pasar cerca debe ir a muy baja velocidad e ir mirando en el interior de los autos para identificar de ante mano cualquier acci\u00f3n de las personas que se encuentran adentro del autom\u00f3vil.<\/p>\n<p>&nbsp;<\/p>\n<p><strong>Fuente: <a href=\"http:\/\/camainternacional.org\/?p=437\">CAMA internacional<\/a><\/strong><\/p>\n","protected":false},"excerpt":{"rendered":"<p>Recalcar la importancia de la colocaci\u00f3n en nuestro carril de acuerdo a la circunstancia del trafico siempre ser\u00e1 importante, porque estaremos evitando un accidente, aunque no sea nuestra culpa. El automovilista tiene varios puntos ciegos en su veh\u00edculo, los que se deben tener en cuenta para la correcta colocaci\u00f3n en el tr\u00e1fico (Imagen) las colocaciones&hellip;<\/p>\n","protected":false},"author":1,"featured_media":0,"comment_status":"open","ping_status":"open","sticky":false,"template":"","format":"standard","meta":{"footnotes":""},"categories":[25],"tags":[1126,1809,146,19181],"class_list":["post-43922","post","type-post","status-publish","format-standard","hentry","category-sociedad","tag-autos","tag-conductor","tag-motos","tag-puntos-ciegos"],"_links":{"self":[{"href":"https:\/\/www.elsindical.com.ar\/notas\/wp-json\/wp\/v2\/posts\/43922","targetHints":{"allow":["GET"]}}],"collection":[{"href":"https:\/\/www.elsindical.com.ar\/notas\/wp-json\/wp\/v2\/posts"}],"about":[{"href":"https:\/\/www.elsindical.com.ar\/notas\/wp-json\/wp\/v2\/types\/post"}],"author":[{"embeddable":true,"href":"https:\/\/www.elsindical.com.ar\/notas\/wp-json\/wp\/v2\/users\/1"}],"replies":[{"embeddable":true,"href":"https:\/\/www.elsindical.com.ar\/notas\/wp-json\/wp\/v2\/comments?post=43922"}],"version-history":[{"count":1,"href":"https:\/\/www.elsindical.com.ar\/notas\/wp-json\/wp\/v2\/posts\/43922\/revisions"}],"predecessor-version":[{"id":43924,"href":"https:\/\/www.elsindical.com.ar\/notas\/wp-json\/wp\/v2\/posts\/43922\/revisions\/43924"}],"wp:attachment":[{"href":"https:\/\/www.elsindical.com.ar\/notas\/wp-json\/wp\/v2\/media?parent=43922"}],"wp:term":[{"taxonomy":"category","embeddable":true,"href":"https:\/\/www.elsindical.com.ar\/notas\/wp-json\/wp\/v2\/categories?post=43922"},{"taxonomy":"post_tag","embeddable":true,"href":"https:\/\/www.elsindical.com.ar\/notas\/wp-json\/wp\/v2\/tags?post=43922"}],"curies":[{"name":"wp","href":"https:\/\/api.w.org\/{rel}","templated":true}]}}