{"id":43789,"date":"2014-06-30T11:49:04","date_gmt":"2014-06-30T14:49:04","guid":{"rendered":"http:\/\/www.elsindical.com.ar\/notas\/?p=43789"},"modified":"2014-06-30T11:49:40","modified_gmt":"2014-06-30T14:49:40","slug":"cariglino-scioli-gasta-en-publicidad-en-lugar-de-ocuparse-de-la-gente","status":"publish","type":"post","link":"https:\/\/www.elsindical.com.ar\/notas\/cariglino-scioli-gasta-en-publicidad-en-lugar-de-ocuparse-de-la-gente\/","title":{"rendered":"Cariglino: \u00abScioli gasta en publicidad en lugar de ocuparse de la gente\u00bb"},"content":{"rendered":"<p><em><a href=\"http:\/\/www.elsindical.com.ar\/notas\/var\/www\/html\/notas\/wp-content\/uploads\/2014\/06\/Jes\u00fas-Cariglino.jpg\"><img loading=\"lazy\" decoding=\"async\" class=\"alignnone size-medium wp-image-43322\" src=\"http:\/\/www.elsindical.com.ar\/notas\/var\/www\/html\/notas\/wp-content\/uploads\/2014\/06\/Jes\u00fas-Cariglino-300x227.jpg\" alt=\"Jes\u00fas-Cariglino\" width=\"300\" height=\"227\" srcset=\"https:\/\/www.elsindical.com.ar\/notas\/var\/www\/html\/notas\/wp-content\/uploads\/2014\/06\/Jes\u00fas-Cariglino-300x227.jpg 300w, https:\/\/www.elsindical.com.ar\/notas\/var\/www\/html\/notas\/wp-content\/uploads\/2014\/06\/Jes\u00fas-Cariglino-396x300.jpg 396w, https:\/\/www.elsindical.com.ar\/notas\/var\/www\/html\/notas\/wp-content\/uploads\/2014\/06\/Jes\u00fas-Cariglino.jpg 502w\" sizes=\"auto, (max-width: 300px) 100vw, 300px\" \/><\/a>El intendente de Malvinas Argentinas, y dirigente del Frente Renovador, dispar\u00f3 con munici\u00f3n gruesa contra el gobernador de la provincia de Buenos Aires. Critic\u00f3 sus gastos en imagen y c\u00f3mo plante\u00f3 la ley de Polic\u00edas Municipales: \u201cCon esta ley de Scioli, los polic\u00edas se remitir\u00e1n exclusivamente a relatar los hechos que sucedan\u201d.\u00a0\u00a0\u00a0\u00a0\u00a0\u00a0<\/em><\/p>\n<p>El intendente de Malvinas Argentinas, Jes\u00fas Cariglino, fue directo en sus acusaciones al gobernador bonaerense, Daniel Scioli. Lo m\u00e1s criticado por el dirigente del Frente Renovador fueron los altos gastos en publicidad que tiene la provincia.<\/p>\n<p>\u00abDaniel Scioli decidi\u00f3 gastar plata en publicidad por todos lados y hacer notas en televisi\u00f3n todo el tiempo en vez de ocuparse de la gente y direccionar el dinero hacia donde corresponde\u201d, destac\u00f3 el intendente. Afirm\u00f3 tambi\u00e9n que \u00e9l y otro grupo de intendencias \u201cnos ocupamos de lo que \u00e9l (Scioli) no\u201d.<\/p>\n<p>Cariglino estuvo presente en la ciudad de Rojas en donde se entrevist\u00f3 con el intendente local, Mart\u00edn Caso. Asisti\u00f3 a la inauguraci\u00f3n de una sala del nuevo hospital de la ciudad, que naci\u00f3 gracias a una donaci\u00f3n suya.<\/p>\n<p>Por otro lado, el jefe comunal critic\u00f3 la ley de Polic\u00eda Municipal que quiere implementar pr\u00e1cticamente por decreto. \u00abEsa ley, tal como la quiere Scioli, ha sido un fracaso desde que naci\u00f3. Hay art\u00edculos que no podemos aceptar, la gente quiere una Polic\u00eda que los cuide, que pueda actuar y con esta ley de Scioli, los polic\u00edas se remitir\u00e1n exclusivamente a relatar los hechos que sucedan\u00bb, finaliz\u00f3 Cariglino.<\/p>\n","protected":false},"excerpt":{"rendered":"<p>El intendente de Malvinas Argentinas, y dirigente del Frente Renovador, dispar\u00f3 con munici\u00f3n gruesa contra el gobernador de la provincia de Buenos Aires. Critic\u00f3 sus gastos en imagen y c\u00f3mo plante\u00f3 la ley de Polic\u00edas Municipales: \u201cCon esta ley de Scioli, los polic\u00edas se remitir\u00e1n exclusivamente a relatar los hechos que sucedan\u201d.\u00a0\u00a0\u00a0\u00a0\u00a0\u00a0 El intendente de&hellip;<\/p>\n","protected":false},"author":1,"featured_media":0,"comment_status":"open","ping_status":"open","sticky":false,"template":"","format":"standard","meta":{"footnotes":""},"categories":[13],"tags":[983,12642,4336],"class_list":["post-43789","post","type-post","status-publish","format-standard","hentry","category-politica","tag-daniel-scioli","tag-jesus-cariglino","tag-malvinas-argentinas"],"_links":{"self":[{"href":"https:\/\/www.elsindical.com.ar\/notas\/wp-json\/wp\/v2\/posts\/43789","targetHints":{"allow":["GET"]}}],"collection":[{"href":"https:\/\/www.elsindical.com.ar\/notas\/wp-json\/wp\/v2\/posts"}],"about":[{"href":"https:\/\/www.elsindical.com.ar\/notas\/wp-json\/wp\/v2\/types\/post"}],"author":[{"embeddable":true,"href":"https:\/\/www.elsindical.com.ar\/notas\/wp-json\/wp\/v2\/users\/1"}],"replies":[{"embeddable":true,"href":"https:\/\/www.elsindical.com.ar\/notas\/wp-json\/wp\/v2\/comments?post=43789"}],"version-history":[{"count":1,"href":"https:\/\/www.elsindical.com.ar\/notas\/wp-json\/wp\/v2\/posts\/43789\/revisions"}],"predecessor-version":[{"id":43790,"href":"https:\/\/www.elsindical.com.ar\/notas\/wp-json\/wp\/v2\/posts\/43789\/revisions\/43790"}],"wp:attachment":[{"href":"https:\/\/www.elsindical.com.ar\/notas\/wp-json\/wp\/v2\/media?parent=43789"}],"wp:term":[{"taxonomy":"category","embeddable":true,"href":"https:\/\/www.elsindical.com.ar\/notas\/wp-json\/wp\/v2\/categories?post=43789"},{"taxonomy":"post_tag","embeddable":true,"href":"https:\/\/www.elsindical.com.ar\/notas\/wp-json\/wp\/v2\/tags?post=43789"}],"curies":[{"name":"wp","href":"https:\/\/api.w.org\/{rel}","templated":true}]}}