{"id":43731,"date":"2014-06-28T01:58:41","date_gmt":"2014-06-28T04:58:41","guid":{"rendered":"http:\/\/www.elsindical.com.ar\/notas\/?p=43731"},"modified":"2014-06-28T01:58:41","modified_gmt":"2014-06-28T04:58:41","slug":"el-vicepresidente-amado-boudou-procesado-por-la-justicia","status":"publish","type":"post","link":"https:\/\/www.elsindical.com.ar\/notas\/el-vicepresidente-amado-boudou-procesado-por-la-justicia\/","title":{"rendered":"El vicepresidente Amado Boudou procesado por la justicia"},"content":{"rendered":"<p><em><a href=\"http:\/\/www.elsindical.com.ar\/notas\/var\/www\/html\/notas\/wp-content\/uploads\/2012\/04\/viviendas-River-View-Amado-Boudou.jpg\"><img loading=\"lazy\" decoding=\"async\" class=\"alignnone size-medium wp-image-22732\" src=\"http:\/\/www.elsindical.com.ar\/notas\/var\/www\/html\/notas\/wp-content\/uploads\/2012\/04\/viviendas-River-View-Amado-Boudou-300x206.jpg\" alt=\"viviendas-River-View-Amado-Boudou\" width=\"300\" height=\"206\" srcset=\"https:\/\/www.elsindical.com.ar\/notas\/var\/www\/html\/notas\/wp-content\/uploads\/2012\/04\/viviendas-River-View-Amado-Boudou-300x206.jpg 300w, https:\/\/www.elsindical.com.ar\/notas\/var\/www\/html\/notas\/wp-content\/uploads\/2012\/04\/viviendas-River-View-Amado-Boudou.jpg 413w\" sizes=\"auto, (max-width: 300px) 100vw, 300px\" \/><\/a>El Juez tom\u00f3 la decisi\u00f3n este viernes. Proces\u00f3 tambi\u00e9n a N\u00fa\u00f1ez Carmona, Vandenbroele, Resnick Brenner, Ciccone y Reinwick.<\/em><\/p>\n<div>Para el Juez federal Ariel Lijo no hay dudas. <b>El vicepresidente Amado Boudou compr\u00f3 la empresa Ciccone Calcogr\u00e1fica a trav\u00e9s del fondo The Old Fund cuando era ministro de Econom\u00eda<\/b>. As\u00ed lo estableci\u00f3 en el procesamiento que se public\u00f3 en el Centro de Informaci\u00f3n Judicial (CIJ).<\/div>\n<div><\/div>\n<div>Para ello cont\u00f3 con la colaboraci\u00f3n de su socio Jos\u00e9 Mar\u00eda N\u00fa\u00f1ez Carmona y el abogado Alejandro Vandenbroele que tambi\u00e9n fueron procesados.<\/div>\n<div><\/div>\n<div>En tanto Nicol\u00e1s Ciccone due\u00f1o de la calcogr\u00e1fica y su yerno Guillermo Reinwick fueron procesados <b>porque le cedieron el 70 por ciento de las acciones de la compa\u00f1\u00eda a cambio del levantamiento de la quiebra de la empresa<\/b>, la aprobaci\u00f3n del plan de pagos de la AFIP y la futura contrataci\u00f3n de la imprenta por parte del Estado.<\/div>\n<div><\/div>\n<div>Boudou, N\u00fa\u00f1ez Carmona, Vandenbroele, Ciccone y Reinwick fueron procesados por el delito de <b>cohecho<\/b>. El vicepresidente tambi\u00e9n fue procesado por negociaciones incompatibles con la funci\u00f3n p\u00fablica junto a N\u00fa\u00f1ez Carmona, Vandenbroele y el funcionario de la AFIP <b>Rafael Resnick Brenner<\/b>.<\/div>\n<div><\/div>\n<div>Para el juez <b>est\u00e1 probado que Vandenbroele fue un prestanombre que actu\u00f3 por \u00f3rdenes de Boudou y N\u00fa\u00f1ez Carmona independientemente de que se conocieran o no<\/b>. La relaci\u00f3n entre Vandenbroele \u2013presidente de la empresa The Old Fund- y Boudou qued\u00f3 establecida indirectamente a partir de la existencia de socios en com\u00fan en algunas sociedades, el negocio del cobro de la comisi\u00f3n a la provincia de Formosa por la renegociaci\u00f3n de la deuda, cruces telef\u00f3nicos y los pasajes a\u00e9reos que pag\u00f3 The Old Fund para amigos y asociados del vicepresidente.<\/div>\n<div><\/div>\n<div>Lijo analiz\u00f3 la evoluci\u00f3n patrimonial de Boudou, N\u00fa\u00f1ez Carmona y Vandenbroele en los \u00faltimos a\u00f1os, <b>y quien apareci\u00f3 como presidente de The Old Fund muestra un crecimiento que lo ubica como un empleado de los otros dos imputados en el caso.<\/b><\/div>\n<div><\/div>\n<div>Lijo asegura que la firma The Old Fund fue adquirida<b> solo con la finalidad de cobrar los m\u00e1s de 7 millones de pesos que pag\u00f3 Formosa por el asesoramiento para la renegociaci\u00f3n de la deuda provincial<\/b>. Boudou era ministro de Econom\u00eda por entonces. En la investigaci\u00f3n se detallan decenas de llamados entre Vandenbroele, Nu\u00f1ez Carmona y de este con Boudou en los momentos clave de la operaci\u00f3n de Formosa: cuando se deposit\u00f3 el cheque y cuando se extrajo el dinero de la cuenta.<\/div>\n<div><\/div>\n<div>Fueron, seg\u00fan la investigaci\u00f3n, <b>probadas las reuniones en las que Boudou estuvo con los Ciccone y con N\u00fa\u00f1ez Carmona. <\/b>Tanto la realizada en Telef\u00e9 como la que tuvo lugar en el restaurant I Fresh Market de Puerto Madero.<\/div>\n<div><\/div>\n<div>El amplio cruce de llamados telef\u00f3nicos <b>pone a N\u00fa\u00f1ez Carmona en el centro de la negociaci\u00f3n. <\/b><\/div>\n<div>Le daba instrucciones a Vandenbroele y se comunicaba con los Ciccone.<\/div>\n<div><\/div>\n<div>Una vez que Boudou- seg\u00fan el juez- se qued\u00f3 con Ciccone comenz\u00f3 el salvataje de la compa\u00f1\u00eda para finalmente contratarla para imprimir papel moneda. Hubo que interceder ante la AFIP, conseguir dinero para levantar la quiebra.<\/div>\n<div><\/div>\n<div>Tambi\u00e9n tuvieron que desplazar <b>a la firma Boldt que ten\u00eda alquilada las instalaciones en un acuerdo con el juzgado comercial que ten\u00eda la quiebra.<\/b> Para Lijo qued\u00f3 probado que N\u00fa\u00f1ez Carmona busc\u00f3 reunirse con el directivo de Boldt, Guillermo Gabella, para comunicarle que deb\u00edan dejar la planta.<\/div>\n<div><\/div>\n<div>Lijo tambi\u00e9n <b>tom\u00f3 como prueba en contra de Boudou el hecho de que desde el ministerio de Econom\u00eda se suspendiera un licitaci\u00f3n tendiente a modernizar la Casa de Moneda. <\/b>Y que lo hizo para que la firma Ciccone-en manos de The Old Fund- se quedara con la impresi\u00f3n de billetes de 100 pesos.<\/div>\n<div><\/div>\n<div>Una muestra de la relaci\u00f3n entre la nueva Ciccone llamada <b>Compa\u00f1\u00eda de Valores Sudamericana<\/b> con el oficialismo es que varios distritos electorales del Frente para la Victoria hicieron all\u00ed las boletas para las elecciones de 2011. <b>Distritos diversos, que no hab\u00edan tenido relaci\u00f3n con Ciccone-que no ten\u00eda m\u00e1quinas para ese tipo de trabajo- imprimieron las boletas en la nueva CVS: Misiones, Neuqu\u00e9n, Santa Fe, entre otros.<\/b> La tarea se terceriz\u00f3 porque CVS no pod\u00eda hacerlo. Pero igual lo factur\u00f3. Boudou fue el candidato a vice en la f\u00f3rmula que encabezaba Cristina Fern\u00e1ndez de Kirchner. Para el negocio de la impresi\u00f3n de billetes que se qued\u00f3 CVS tuvo un rol fundamental Juan Biasin quien fue gerente de compras de Casa de Moneda hombre vinculado a Boudou.<\/div>\n<div><\/div>\n<div>Sobre el financiamiento de la maniobra que fue atribuido por Vandenbrole al empresario Ra\u00fal Moneta, <b>Lijo estableci\u00f3 que el aporte de dinero comenz\u00f3 nueve meses despu\u00e9s de que The Old Fund se hiciera cargo de la empresa. <\/b>El juez se\u00f1al\u00f3 que la presentaci\u00f3n que le atribuye el dinero a Moneta tiene inconsistencias. <b>A tal punto que el juez Comercial de la quiebra, no reconoci\u00f3 los papeles presentados por Moneta.<\/b><\/div>\n<div><\/div>\n<div>Para Lijo los Ciccone sab\u00edan que The Old Fund-una empresa sin antecedentes- <b>ten\u00eda el respaldo de Boudou ya que Vandenbroele, el prestanombre, no pose\u00eda ning\u00fan atributo de los que necesitaban los imprenteros para resucitar la empresa. <\/b><\/div>\n<div><\/div>\n<div>Lijo se refiri\u00f3 a varios procesos de expropiaci\u00f3n realizados por el Estado en los que se pudo verificar un inter\u00e9s p\u00fablico en la toma de las empresas. <b>Por ejemplo YPF, los servicios ferroviarios y Aerol\u00edneas Argentinas entre otros. <\/b>Incluso en la expropiaci\u00f3n de Ciccone luego del esc\u00e1ndalo. <b>Pero en el caso investigado, se esgrimi\u00f3 un inter\u00e9s p\u00fablico para salvar a Ciccone pero para que pasara a manos privadas, no p\u00fablicas.<\/b><\/div>\n<div><\/div>\n<div>Con decenas de argumentos, el juez Lijo proces\u00f3 a Boudou y los dem\u00e1s imputados.<b> Por dos delitos: cohecho-cuya traducci\u00f3n podr\u00eda ser el ofrecimiento y aceptaci\u00f3n de coimas- y el de negociaciones incompatibles con la funci\u00f3n p\u00fablica.<\/b> Por primera vez un vicepresidente de la Naci\u00f3n en ejercicio<b> fue procesado por un delito de corrupci\u00f3n.<\/b><\/div>\n","protected":false},"excerpt":{"rendered":"<p>El Juez tom\u00f3 la decisi\u00f3n este viernes. Proces\u00f3 tambi\u00e9n a N\u00fa\u00f1ez Carmona, Vandenbroele, Resnick Brenner, Ciccone y Reinwick. Para el Juez federal Ariel Lijo no hay dudas. El vicepresidente Amado Boudou compr\u00f3 la empresa Ciccone Calcogr\u00e1fica a trav\u00e9s del fondo The Old Fund cuando era ministro de Econom\u00eda. As\u00ed lo estableci\u00f3 en el procesamiento que&hellip;<\/p>\n","protected":false},"author":1,"featured_media":0,"comment_status":"open","ping_status":"open","sticky":false,"template":"","format":"standard","meta":{"footnotes":""},"categories":[20],"tags":[3586,7140,41,4019,2432],"class_list":["post-43731","post","type-post","status-publish","format-standard","hentry","category-judiciales","tag-amado-boudou","tag-juez-federal-ariel-lijo","tag-justicia","tag-procesado","tag-vicepresidente"],"_links":{"self":[{"href":"https:\/\/www.elsindical.com.ar\/notas\/wp-json\/wp\/v2\/posts\/43731","targetHints":{"allow":["GET"]}}],"collection":[{"href":"https:\/\/www.elsindical.com.ar\/notas\/wp-json\/wp\/v2\/posts"}],"about":[{"href":"https:\/\/www.elsindical.com.ar\/notas\/wp-json\/wp\/v2\/types\/post"}],"author":[{"embeddable":true,"href":"https:\/\/www.elsindical.com.ar\/notas\/wp-json\/wp\/v2\/users\/1"}],"replies":[{"embeddable":true,"href":"https:\/\/www.elsindical.com.ar\/notas\/wp-json\/wp\/v2\/comments?post=43731"}],"version-history":[{"count":1,"href":"https:\/\/www.elsindical.com.ar\/notas\/wp-json\/wp\/v2\/posts\/43731\/revisions"}],"predecessor-version":[{"id":43732,"href":"https:\/\/www.elsindical.com.ar\/notas\/wp-json\/wp\/v2\/posts\/43731\/revisions\/43732"}],"wp:attachment":[{"href":"https:\/\/www.elsindical.com.ar\/notas\/wp-json\/wp\/v2\/media?parent=43731"}],"wp:term":[{"taxonomy":"category","embeddable":true,"href":"https:\/\/www.elsindical.com.ar\/notas\/wp-json\/wp\/v2\/categories?post=43731"},{"taxonomy":"post_tag","embeddable":true,"href":"https:\/\/www.elsindical.com.ar\/notas\/wp-json\/wp\/v2\/tags?post=43731"}],"curies":[{"name":"wp","href":"https:\/\/api.w.org\/{rel}","templated":true}]}}